{"id":21394,"date":"2022-03-14T15:49:24","date_gmt":"2022-03-14T21:49:24","guid":{"rendered":"http:\/\/elobservatorio.com.mx\/?p=21394"},"modified":"2022-03-14T15:49:24","modified_gmt":"2022-03-14T21:49:24","slug":"amenazo-a-su-victima-con-un-machete-en-manzanillo","status":"publish","type":"post","link":"http:\/\/elobservatorio.com.mx\/?p=21394","title":{"rendered":"Amenaz\u00f3 a su victima con un machete, en Manzanillo"},"content":{"rendered":"<p><em>*En sucesos ocurridos el 08 de marzo del a\u00f1o en curso<\/em><\/p>\n<p>Luego de que la ley se\u00f1ala el hecho como delito de amenazas, un Juez de Control vincul\u00f3 a proceso a un masculino por su probable comisi\u00f3n en el mismo, en acontecimientos suscitados en el municipio de Manzanillo.<\/p>\n<p>De acuerdo con lo que establece la carpeta de investigaci\u00f3n, el imputado lleg\u00f3 al domicilio ubicado en la colonia Benito Ju\u00e1rez, lugar en el que se encontraba su v\u00edctima y comenz\u00f3 a amenazarla con un machete.<\/p>\n<p>Por lo anterior y tras reportar lo acontecido a la autoridad, elementos de la polic\u00eda municipal obtuvieron la detenci\u00f3n del hombre, quien posteriormente fue puesto a disposici\u00f3n de la autoridad competente, determin\u00e1ndole la prisi\u00f3n preventiva oficiosa como medida cautelar y otorg\u00e1ndole al ministerio p\u00fablico el plazo de dos meses para la investigaci\u00f3n complementaria.<\/p>\n<p>Es importante recordar que en esta tarea para prevenir y combatir los delitos, es fundamental la colaboraci\u00f3n de la sociedad a trav\u00e9s de sus denuncias an\u00f3nimas a la l\u00ednea 089, y el reporte de las emergencias al 911.<\/p>\n<p>&nbsp;<\/p>\n","protected":false},"excerpt":{"rendered":"<p>*En sucesos ocurridos el 08 de marzo del a\u00f1o en curso Luego de que la ley se\u00f1ala el hecho como delito de amenazas, un Juez de Control vincul\u00f3 a proceso a un masculino por su probable comisi\u00f3n en el mismo, en acontecimientos suscitados en el municipio de Manzanillo. De acuerdo con lo que establece la&#8230;<\/p>\n","protected":false},"author":2,"featured_media":21395,"comment_status":"open","ping_status":"open","sticky":false,"template":"","format":"standard","meta":{"footnotes":""},"categories":[15],"tags":[29,30,28],"class_list":["post-21394","post","type-post","status-publish","format-standard","has-post-thumbnail","hentry","category-seguridad-y-justicia","tag-grid","tag-news","tag-slider"],"_links":{"self":[{"href":"http:\/\/elobservatorio.com.mx\/index.php?rest_route=\/wp\/v2\/posts\/21394"}],"collection":[{"href":"http:\/\/elobservatorio.com.mx\/index.php?rest_route=\/wp\/v2\/posts"}],"about":[{"href":"http:\/\/elobservatorio.com.mx\/index.php?rest_route=\/wp\/v2\/types\/post"}],"author":[{"embeddable":true,"href":"http:\/\/elobservatorio.com.mx\/index.php?rest_route=\/wp\/v2\/users\/2"}],"replies":[{"embeddable":true,"href":"http:\/\/elobservatorio.com.mx\/index.php?rest_route=%2Fwp%2Fv2%2Fcomments&post=21394"}],"version-history":[{"count":0,"href":"http:\/\/elobservatorio.com.mx\/index.php?rest_route=\/wp\/v2\/posts\/21394\/revisions"}],"wp:featuredmedia":[{"embeddable":true,"href":"http:\/\/elobservatorio.com.mx\/index.php?rest_route=\/wp\/v2\/media\/21395"}],"wp:attachment":[{"href":"http:\/\/elobservatorio.com.mx\/index.php?rest_route=%2Fwp%2Fv2%2Fmedia&parent=21394"}],"wp:term":[{"taxonomy":"category","embeddable":true,"href":"http:\/\/elobservatorio.com.mx\/index.php?rest_route=%2Fwp%2Fv2%2Fcategories&post=21394"},{"taxonomy":"post_tag","embeddable":true,"href":"http:\/\/elobservatorio.com.mx\/index.php?rest_route=%2Fwp%2Fv2%2Ftags&post=21394"}],"curies":[{"name":"wp","href":"https:\/\/api.w.org\/{rel}","templated":true}]}}