{"id":21397,"date":"2022-03-14T16:02:14","date_gmt":"2022-03-14T22:02:14","guid":{"rendered":"http:\/\/elobservatorio.com.mx\/?p=21397"},"modified":"2022-03-14T16:02:14","modified_gmt":"2022-03-14T22:02:14","slug":"pide-tey-a-cmic-participar-en-licitaciones-de-obras","status":"publish","type":"post","link":"http:\/\/elobservatorio.com.mx\/?p=21397","title":{"rendered":"Pide Tey a CMIC participar en licitaciones de obras"},"content":{"rendered":"<p class=\"x_MsoNormal\">*Alcaldesa estima necesario fortalecer a las empresas \u00a0locales<\/p>\n<p class=\"x_MsoNormal\">*Recibi\u00f3 visita de una parte del Comit\u00e9 Directivo de la C\u00e1mara Mexicana de la Industria de la Construcci\u00f3n<\/p>\n<p class=\"x_MsoNormal\">Villa de \u00c1lvarez, Col.- Ante miembros de la C\u00e1mara Mexicana de la Industria de la Construcci\u00f3n Delegaci\u00f3n Colima, Tey Guti\u00e9rrez Andrade, Presidenta Municipal de Villa de \u00c1lvarez, invit\u00f3 a los empresarios locales de la construcci\u00f3n a participar en todas las licitaciones de obras que lance el Ayuntamiento.<\/p>\n<p class=\"x_MsoNormal\">Al recibir en visita \u00a0de cortes\u00eda a una parte del Comit\u00e9 Directivo 2022-2024 de la CMIC, la Alcaldesa estim\u00f3 necesario fortalecer a las empresas locales para vigorizar la econom\u00eda local, \u201cse trata de un ganar ganar y si a las empresas locales les va bien, por supuesto que le ir\u00e1 bien a la poblaci\u00f3n\u201d.<\/p>\n<p class=\"x_MsoNormal\">Agreg\u00f3: \u201cLos invito a hacer equipo, a estar atentos a las licitaciones para que participen en ellas, en el entendido que necesitamos fortalecer las empresas locales y esa es y ser\u00e1 siempre nuestra intenci\u00f3n\u201d.<\/p>\n<p class=\"x_MsoNormal\">Julio Lugo, Presidente de la CMIC Delegaci\u00f3n Colima, le expuso el deseo de esa C\u00e1mara para fortalecer todas las acciones de gobierno.<\/p>\n<p class=\"x_MsoNormal\">\u201cTodo en lo que ustedes nos quieran invitar, de manera particular en la participaci\u00f3n de las licitaciones de obra p\u00fablica y en los comit\u00e9s, como el de compras, arrendamientos y adquisiciones\u201d, expres\u00f3 el dirigente empresarial.<\/p>\n<p class=\"x_MsoNormal\">Record\u00f3 que en \u00e9pocas de huracanes y ciclones, CMIC forma parte del Consejo Estatal de Protecci\u00f3n Civil y participa de manera muy activa, apoyando con maquinaria y personal en labores preventivas y reactivas.<\/p>\n<p>A la reuni\u00f3n con la Presidenta Tey Guti\u00e9rrez, participaron adem\u00e1s Mariano Michel, secretario de la CMIC; Carlos Agust\u00edn Amezcua, Vicepresidente de Infraestructura Municipal; H\u00e9ctor Mancilla, Vicepresidente de Infraestructura Federal; El\u00edas Ram\u00edrez, Comisionado en Villa de \u00c1lvarez, y Salvador Cano, Gerente General CMIC Colima.<\/p>\n","protected":false},"excerpt":{"rendered":"<p>*Alcaldesa estima necesario fortalecer a las empresas \u00a0locales *Recibi\u00f3 visita de una parte del Comit\u00e9 Directivo de la C\u00e1mara Mexicana de la Industria de la Construcci\u00f3n Villa de \u00c1lvarez, Col.- Ante miembros de la C\u00e1mara Mexicana de la Industria de la Construcci\u00f3n Delegaci\u00f3n Colima, Tey Guti\u00e9rrez Andrade, Presidenta Municipal de Villa de \u00c1lvarez, invit\u00f3 a&#8230;<\/p>\n","protected":false},"author":2,"featured_media":21398,"comment_status":"open","ping_status":"open","sticky":false,"template":"","format":"standard","meta":{"footnotes":""},"categories":[8,42],"tags":[29,30,28],"class_list":["post-21397","post","type-post","status-publish","format-standard","has-post-thumbnail","hentry","category-municipios","category-villa-de-alvarez","tag-grid","tag-news","tag-slider"],"_links":{"self":[{"href":"http:\/\/elobservatorio.com.mx\/index.php?rest_route=\/wp\/v2\/posts\/21397"}],"collection":[{"href":"http:\/\/elobservatorio.com.mx\/index.php?rest_route=\/wp\/v2\/posts"}],"about":[{"href":"http:\/\/elobservatorio.com.mx\/index.php?rest_route=\/wp\/v2\/types\/post"}],"author":[{"embeddable":true,"href":"http:\/\/elobservatorio.com.mx\/index.php?rest_route=\/wp\/v2\/users\/2"}],"replies":[{"embeddable":true,"href":"http:\/\/elobservatorio.com.mx\/index.php?rest_route=%2Fwp%2Fv2%2Fcomments&post=21397"}],"version-history":[{"count":0,"href":"http:\/\/elobservatorio.com.mx\/index.php?rest_route=\/wp\/v2\/posts\/21397\/revisions"}],"wp:featuredmedia":[{"embeddable":true,"href":"http:\/\/elobservatorio.com.mx\/index.php?rest_route=\/wp\/v2\/media\/21398"}],"wp:attachment":[{"href":"http:\/\/elobservatorio.com.mx\/index.php?rest_route=%2Fwp%2Fv2%2Fmedia&parent=21397"}],"wp:term":[{"taxonomy":"category","embeddable":true,"href":"http:\/\/elobservatorio.com.mx\/index.php?rest_route=%2Fwp%2Fv2%2Fcategories&post=21397"},{"taxonomy":"post_tag","embeddable":true,"href":"http:\/\/elobservatorio.com.mx\/index.php?rest_route=%2Fwp%2Fv2%2Ftags&post=21397"}],"curies":[{"name":"wp","href":"https:\/\/api.w.org\/{rel}","templated":true}]}}