{"id":21412,"date":"2022-03-15T08:44:28","date_gmt":"2022-03-15T14:44:28","guid":{"rendered":"http:\/\/elobservatorio.com.mx\/?p=21412"},"modified":"2022-03-15T08:44:28","modified_gmt":"2022-03-15T14:44:28","slug":"seleccion-varonil-de-handball-logro-su-pase-al-regional-de-universiada","status":"publish","type":"post","link":"http:\/\/elobservatorio.com.mx\/?p=21412","title":{"rendered":"Selecci\u00f3n varonil de handball logr\u00f3 su pase al regional de Universiada"},"content":{"rendered":"<p>La selecci\u00f3n universitaria de handball varonil logr\u00f3 su pase como COLIMA A, al pr\u00f3ximo regional de Universiada, a celebrarse en Michoac\u00e1n, al derrotar 44-22 al equipo representativo del ISENCO.<\/p>\n<p>Con este triunfo, los dirigidos por Pedro Pe\u00f1a, de la Universidad de Colima, tendr\u00e1n ventaja a la hora del sorteo para las eliminatorias del Regional de Universiada, que se llevar\u00e1 a cabo este a\u00f1o en la Universidad Michoacana de San Nicol\u00e1s de Hidalgo (UMSNH), del 28 de marzo al 3 de abril del presente a\u00f1o.<\/p>\n<p>&nbsp;<\/p>\n<p>&nbsp;<\/p>\n","protected":false},"excerpt":{"rendered":"<p>La selecci\u00f3n universitaria de handball varonil logr\u00f3 su pase como COLIMA A, al pr\u00f3ximo regional de Universiada, a celebrarse en Michoac\u00e1n, al derrotar 44-22 al equipo representativo del ISENCO. Con este triunfo, los dirigidos por Pedro Pe\u00f1a, de la Universidad de Colima, tendr\u00e1n ventaja a la hora del sorteo para las eliminatorias del Regional de&#8230;<\/p>\n","protected":false},"author":2,"featured_media":21413,"comment_status":"open","ping_status":"open","sticky":false,"template":"","format":"standard","meta":{"footnotes":""},"categories":[21],"tags":[29,30,28],"class_list":["post-21412","post","type-post","status-publish","format-standard","has-post-thumbnail","hentry","category-deportes","tag-grid","tag-news","tag-slider"],"_links":{"self":[{"href":"http:\/\/elobservatorio.com.mx\/index.php?rest_route=\/wp\/v2\/posts\/21412"}],"collection":[{"href":"http:\/\/elobservatorio.com.mx\/index.php?rest_route=\/wp\/v2\/posts"}],"about":[{"href":"http:\/\/elobservatorio.com.mx\/index.php?rest_route=\/wp\/v2\/types\/post"}],"author":[{"embeddable":true,"href":"http:\/\/elobservatorio.com.mx\/index.php?rest_route=\/wp\/v2\/users\/2"}],"replies":[{"embeddable":true,"href":"http:\/\/elobservatorio.com.mx\/index.php?rest_route=%2Fwp%2Fv2%2Fcomments&post=21412"}],"version-history":[{"count":0,"href":"http:\/\/elobservatorio.com.mx\/index.php?rest_route=\/wp\/v2\/posts\/21412\/revisions"}],"wp:featuredmedia":[{"embeddable":true,"href":"http:\/\/elobservatorio.com.mx\/index.php?rest_route=\/wp\/v2\/media\/21413"}],"wp:attachment":[{"href":"http:\/\/elobservatorio.com.mx\/index.php?rest_route=%2Fwp%2Fv2%2Fmedia&parent=21412"}],"wp:term":[{"taxonomy":"category","embeddable":true,"href":"http:\/\/elobservatorio.com.mx\/index.php?rest_route=%2Fwp%2Fv2%2Fcategories&post=21412"},{"taxonomy":"post_tag","embeddable":true,"href":"http:\/\/elobservatorio.com.mx\/index.php?rest_route=%2Fwp%2Fv2%2Ftags&post=21412"}],"curies":[{"name":"wp","href":"https:\/\/api.w.org\/{rel}","templated":true}]}}