{"id":21415,"date":"2022-03-15T13:20:27","date_gmt":"2022-03-15T19:20:27","guid":{"rendered":"http:\/\/elobservatorio.com.mx\/?p=21415"},"modified":"2022-03-15T13:20:27","modified_gmt":"2022-03-15T19:20:27","slug":"detienen-a-jaime-rodriguez-el-bronco-por-desvio-de-recursos","status":"publish","type":"post","link":"http:\/\/elobservatorio.com.mx\/?p=21415","title":{"rendered":"Detienen a Jaime Rodr\u00edguez \u201cEl Bronco\u201d por desv\u00edo de recursos"},"content":{"rendered":"<p><em>*El exgobernador de NL habr\u00eda sido arrestado por el esc\u00e1ndalo de las \u201cbroncofirmas\u201d<\/em><\/p>\n<p>El exgobernador de Nuevo Le\u00f3n,\u00a0<strong>Jaime Rodr\u00edguez Calder\u00f3n<\/strong>, fue detenido este martes en un rancho del municipio de\u00a0<strong>General Ter\u00e1n,<\/strong>\u00a0por presunto desv\u00edo de recursos.<\/p>\n<p>Al exmandatario estatal se le acusa de haber empleado recursos p\u00fablicos para su campa\u00f1a presidencial en 2018, en las llamadas \u201cbroncofirmas\u201d<\/p>\n<p>Unos minutos despu\u00e9s de que fuera dada a conocer la noticia,\u00a0Samuel Garc\u00eda, actual gobernador del estado public\u00f3 un video en sus redes sociales en el que se\u00f1al\u00f3 \u201c<strong>Quien la hizo la paga\u201d<\/strong>.<\/p>\n<p>\u201cSomos un Gobierno incorruptible, es que quien la hizo la paga, quien robo o desvi\u00f3 recursos p\u00fablicos a sus amigos, a sus sobrinos, a sus favoritos o a campa\u00f1as va a ir a la c\u00e1rcel\u201d, coment\u00f3 en clara referencia a su antecesor.<\/p>\n<p>Asimismo, Garc\u00eda dijo que \u201cya basta de que jueguen y saqueen a nuestro estado\u201d.<\/p>\n<p>Cabe recordar que fue el emecista quien en 2018, cuando era senador, promovi\u00f3 la denuncia contra el Bronco por haber empleado a m\u00e1s de 500 trabajadores estatales para recabar firmas que le permitieran inscribirse como aspirante presidencial en los comicios presidenciales de ese a\u00f1o.<\/p>\n<p>En redes sociales circulan im\u00e1genes de su detenci\u00f3n por parte de agentes de la Fiscal\u00eda de Nuevo Le\u00f3n.<\/p>\n<div class=\"pinno-author-info-wrap left relative\">\n<div class=\"pinno-author-info-thumb left relative\">https:\/\/twitter.com\/i\/status\/1503790062365908996<\/div>\n<div class=\"pinno-author-info-text left relative\"><\/div>\n<\/div>\n","protected":false},"excerpt":{"rendered":"<p>*El exgobernador de NL habr\u00eda sido arrestado por el esc\u00e1ndalo de las \u201cbroncofirmas\u201d El exgobernador de Nuevo Le\u00f3n,\u00a0Jaime Rodr\u00edguez Calder\u00f3n, fue detenido este martes en un rancho del municipio de\u00a0General Ter\u00e1n,\u00a0por presunto desv\u00edo de recursos. Al exmandatario estatal se le acusa de haber empleado recursos p\u00fablicos para su campa\u00f1a presidencial en 2018, en las llamadas&#8230;<\/p>\n","protected":false},"author":2,"featured_media":21416,"comment_status":"open","ping_status":"open","sticky":false,"template":"","format":"standard","meta":{"footnotes":""},"categories":[13],"tags":[29,30,28],"class_list":["post-21415","post","type-post","status-publish","format-standard","has-post-thumbnail","hentry","category-nacion-y-mundo","tag-grid","tag-news","tag-slider"],"_links":{"self":[{"href":"http:\/\/elobservatorio.com.mx\/index.php?rest_route=\/wp\/v2\/posts\/21415"}],"collection":[{"href":"http:\/\/elobservatorio.com.mx\/index.php?rest_route=\/wp\/v2\/posts"}],"about":[{"href":"http:\/\/elobservatorio.com.mx\/index.php?rest_route=\/wp\/v2\/types\/post"}],"author":[{"embeddable":true,"href":"http:\/\/elobservatorio.com.mx\/index.php?rest_route=\/wp\/v2\/users\/2"}],"replies":[{"embeddable":true,"href":"http:\/\/elobservatorio.com.mx\/index.php?rest_route=%2Fwp%2Fv2%2Fcomments&post=21415"}],"version-history":[{"count":0,"href":"http:\/\/elobservatorio.com.mx\/index.php?rest_route=\/wp\/v2\/posts\/21415\/revisions"}],"wp:featuredmedia":[{"embeddable":true,"href":"http:\/\/elobservatorio.com.mx\/index.php?rest_route=\/wp\/v2\/media\/21416"}],"wp:attachment":[{"href":"http:\/\/elobservatorio.com.mx\/index.php?rest_route=%2Fwp%2Fv2%2Fmedia&parent=21415"}],"wp:term":[{"taxonomy":"category","embeddable":true,"href":"http:\/\/elobservatorio.com.mx\/index.php?rest_route=%2Fwp%2Fv2%2Fcategories&post=21415"},{"taxonomy":"post_tag","embeddable":true,"href":"http:\/\/elobservatorio.com.mx\/index.php?rest_route=%2Fwp%2Fv2%2Ftags&post=21415"}],"curies":[{"name":"wp","href":"https:\/\/api.w.org\/{rel}","templated":true}]}}