{"id":21445,"date":"2022-03-16T21:50:38","date_gmt":"2022-03-17T03:50:38","guid":{"rendered":"http:\/\/elobservatorio.com.mx\/?p=21445"},"modified":"2022-03-16T21:50:38","modified_gmt":"2022-03-17T03:50:38","slug":"abrira-sus-puertas-alberca-olimpica-universitaria-los-fines-de-semana","status":"publish","type":"post","link":"http:\/\/elobservatorio.com.mx\/?p=21445","title":{"rendered":"Abrir\u00e1 sus puertas alberca ol\u00edmpica universitaria, los fines de semana"},"content":{"rendered":"<p><em>*No s\u00f3lo a universitarios sino a la comunidad en general.<\/em><\/p>\n<p>A partir de esta semana, la alberca ol\u00edmpica de la Universidad de Colima abrir\u00e1 sus puertas tambi\u00e9n los fines de semana, con dos horarios de una hora cada uno: de diez a once de la ma\u00f1ana y de once de la ma\u00f1ana a las doce horas.<\/p>\n<p>El coordinador de actividades acu\u00e1ticas de la UdeC, Oswaldo Medina, dijo que este nuevo programa llevar\u00e1 por nombre \u201cMacronataci\u00f3n\u201d y que su objetivo es que las y los interesados pasen tiempo de calidad en la alberca.<\/p>\n<p>Este nuevo programa, coment\u00f3, busca que quienes asistan, sobre todo las familias, \u201cpuedan participar en las actividades con sus hijas e hijos, para de esta forma fortalecer los lazos afectivos\u201d.<\/p>\n<p>El programa est\u00e1 dirigido a toda la sociedad colimense. Los requisitos para formar parte de este nuevo proyecto son: Portar traje de ba\u00f1o, goggles y gorra, realizarse el examen m\u00e9dico en instalaciones de la Direcci\u00f3n General de Cultura F\u00edsica y Deporte, de lunes a viernes de nueve de la ma\u00f1ana a una de la tarde y de cinco a siete de la tarde. Despu\u00e9s se les dar\u00e1 una ficha referenciada para pagar los aranceles correspondientes.<\/p>\n<p>M\u00e1s informes en Av. Gonzalo de Sandoval SN, esquina con Av. del Estudiante o comunicarse al tel\u00e9fono 31231 61145.<\/p>\n<p>&nbsp;<\/p>\n<p>&nbsp;<\/p>\n","protected":false},"excerpt":{"rendered":"<p>*No s\u00f3lo a universitarios sino a la comunidad en general. A partir de esta semana, la alberca ol\u00edmpica de la Universidad de Colima abrir\u00e1 sus puertas tambi\u00e9n los fines de semana, con dos horarios de una hora cada uno: de diez a once de la ma\u00f1ana y de once de la ma\u00f1ana a las doce&#8230;<\/p>\n","protected":false},"author":2,"featured_media":21446,"comment_status":"open","ping_status":"open","sticky":false,"template":"","format":"standard","meta":{"footnotes":""},"categories":[21],"tags":[29,30,28],"class_list":["post-21445","post","type-post","status-publish","format-standard","has-post-thumbnail","hentry","category-deportes","tag-grid","tag-news","tag-slider"],"_links":{"self":[{"href":"http:\/\/elobservatorio.com.mx\/index.php?rest_route=\/wp\/v2\/posts\/21445"}],"collection":[{"href":"http:\/\/elobservatorio.com.mx\/index.php?rest_route=\/wp\/v2\/posts"}],"about":[{"href":"http:\/\/elobservatorio.com.mx\/index.php?rest_route=\/wp\/v2\/types\/post"}],"author":[{"embeddable":true,"href":"http:\/\/elobservatorio.com.mx\/index.php?rest_route=\/wp\/v2\/users\/2"}],"replies":[{"embeddable":true,"href":"http:\/\/elobservatorio.com.mx\/index.php?rest_route=%2Fwp%2Fv2%2Fcomments&post=21445"}],"version-history":[{"count":0,"href":"http:\/\/elobservatorio.com.mx\/index.php?rest_route=\/wp\/v2\/posts\/21445\/revisions"}],"wp:featuredmedia":[{"embeddable":true,"href":"http:\/\/elobservatorio.com.mx\/index.php?rest_route=\/wp\/v2\/media\/21446"}],"wp:attachment":[{"href":"http:\/\/elobservatorio.com.mx\/index.php?rest_route=%2Fwp%2Fv2%2Fmedia&parent=21445"}],"wp:term":[{"taxonomy":"category","embeddable":true,"href":"http:\/\/elobservatorio.com.mx\/index.php?rest_route=%2Fwp%2Fv2%2Fcategories&post=21445"},{"taxonomy":"post_tag","embeddable":true,"href":"http:\/\/elobservatorio.com.mx\/index.php?rest_route=%2Fwp%2Fv2%2Ftags&post=21445"}],"curies":[{"name":"wp","href":"https:\/\/api.w.org\/{rel}","templated":true}]}}