{"id":2151,"date":"2019-02-06T16:45:04","date_gmt":"2019-02-06T16:45:04","guid":{"rendered":"http:\/\/elobservatorio.com.mx\/se-realiza-la-tradicional-misa-en-la-petatera"},"modified":"2019-02-06T16:45:04","modified_gmt":"2019-02-06T16:45:04","slug":"se-realiza-la-tradicional-misa-en-la-petatera","status":"publish","type":"post","link":"http:\/\/elobservatorio.com.mx\/?p=2151","title":{"rendered":"Se realiza la Tradicional Misa en La Petatera"},"content":{"rendered":"<p class=\"x_MsoNormal\">Este martes 5 de febrero inicio las festividades en Honor del Santo San Felipe de Jes\u00fas en su Edici\u00f3n 162 de los Festejos Charrotaurinos de Villa de \u00c1lvarez en el coso de la Plaza de Toros La Petatera<\/p>\n<p class=\"x_MsoNormal\">Arrancando con las ma\u00f1anitas en el templo que lleva su nombre y que est\u00e1 ubicado en la colonia El Llano, a las 5 de la ma\u00f1ana, posterior se llev\u00f3 a cabo la peregrinaci\u00f3n a la Majestuosa Petatera, la cual parti\u00f3 del Jard\u00edn Independencia, a las 4 de la tarde para concluir en la tradicional misa de bendici\u00f3n de la plaza, misma que comenz\u00f3 a las 5 de la tarde en presencia de miles de feligreses.<\/p>\n<p class=\"x_MsoNormal\">En esta peregrinaci\u00f3n participaron \u00a0la imagen de San Felipe de Jes\u00fas, la danza, la chirim\u00eda y un contingente de Jinetes de a caballo, quienes simbolizan esta parte tan tradicional dentro de los festejos.<\/p>\n<p class=\"x_MsoNormal\">El Pbro. J. Jes\u00fas Ramos Hueso oficio la misa en honor del Santo Patronato San Felipe de Jes\u00fas en contra de los terremotos e incendios.<\/p>\n<p class=\"x_MsoNormal\">Se cont\u00f3 con la presencia de Joselin I, Reina de los Festejos Charrotaurinos, Felipe Cr\u00faz Calvario, Presidente Municipal de Villa de \u00c1lvarez, Patricia Ceballos, Presidenta del Dif Municipal, Jorge Fern\u00e1ndez Cerda, Administrador de los festejos Charrotaurinos.<\/p>\n<p class=\"x_MsoNormal\">De los integrantes del patronato de los festejos Charrotaurinos\u00a0 estuvieron presentes el Profr. H\u00e9ctor Manuel Torres Gonz\u00e1lez, Secretario; C.P. Luis Ram\u00f3n Garc\u00eda Gonz\u00e1lez, Tesorero; Erandi Yunu\u00e9n Rodr\u00edguez, regidora y representante del Ayuntamiento; Juan Hilario Reyes Grajeda, Comisario; y los Patronos: Gabriel Monta\u00f1o Centeno, Ing. Roberto Marco Tulio Delgado Cuevas, Ing. Arnoldo Rosales, \u00a0Ing. Jos\u00e9 Luis Rebolledo S\u00e1nchez; Jos\u00e9 Fern\u00e1ndez Cabrera, Administrador Plaza de Toros y el Contador Luis Eduardo R\u00edos Corona.<\/p>\n<p class=\"x_MsoNormal\">Destac\u00f3 la presencia de los funcionarios de la administraci\u00f3n municipal, se contabiliz\u00f3 150 jinetes quienes estuvieron presentes en la misa, como una plaza llena.<\/p>\n<p class=\"x_MsoNormal\">El Presidente Municipal Felipe Cruz Calvario invit\u00f3 a la ciudadan\u00eda a la primer Cabalgata Nocturna que se llevar\u00e1 a cabo el 8 de febrero, que dar\u00e1 inicio en el jard\u00edn N\u00fa\u00f1ez, donde se develar\u00e1 la identidad de los mojigangos y se leer\u00e1 el juramento a san Felipe de Jes\u00fas.<\/p>\n<p class=\"x_MsoNormal\">Los Festejos Charrotaurinos de Villa de \u00c1lvarez se llevaran a cabo del 8 al 28 de Febrero del 2019<\/p>\n","protected":false},"excerpt":{"rendered":"<p>Este martes 5 de febrero inicio las festividades en Honor del Santo San Felipe de Jes\u00fas en su Edici\u00f3n 162 de los Festejos Charrotaurinos de Villa de \u00c1lvarez en el coso de la Plaza de Toros La Petatera Arrancando con las ma\u00f1anitas en el templo que lleva su nombre y que est\u00e1 ubicado en la&#8230;<\/p>\n","protected":false},"author":2,"featured_media":2152,"comment_status":"open","ping_status":"open","sticky":false,"template":"","format":"standard","meta":{"footnotes":""},"categories":[8,12,42],"tags":[29,30,28],"class_list":["post-2151","post","type-post","status-publish","format-standard","has-post-thumbnail","hentry","category-municipios","category-sociedad","category-villa-de-alvarez","tag-grid","tag-news","tag-slider"],"_links":{"self":[{"href":"http:\/\/elobservatorio.com.mx\/index.php?rest_route=\/wp\/v2\/posts\/2151"}],"collection":[{"href":"http:\/\/elobservatorio.com.mx\/index.php?rest_route=\/wp\/v2\/posts"}],"about":[{"href":"http:\/\/elobservatorio.com.mx\/index.php?rest_route=\/wp\/v2\/types\/post"}],"author":[{"embeddable":true,"href":"http:\/\/elobservatorio.com.mx\/index.php?rest_route=\/wp\/v2\/users\/2"}],"replies":[{"embeddable":true,"href":"http:\/\/elobservatorio.com.mx\/index.php?rest_route=%2Fwp%2Fv2%2Fcomments&post=2151"}],"version-history":[{"count":0,"href":"http:\/\/elobservatorio.com.mx\/index.php?rest_route=\/wp\/v2\/posts\/2151\/revisions"}],"wp:featuredmedia":[{"embeddable":true,"href":"http:\/\/elobservatorio.com.mx\/index.php?rest_route=\/wp\/v2\/media\/2152"}],"wp:attachment":[{"href":"http:\/\/elobservatorio.com.mx\/index.php?rest_route=%2Fwp%2Fv2%2Fmedia&parent=2151"}],"wp:term":[{"taxonomy":"category","embeddable":true,"href":"http:\/\/elobservatorio.com.mx\/index.php?rest_route=%2Fwp%2Fv2%2Fcategories&post=2151"},{"taxonomy":"post_tag","embeddable":true,"href":"http:\/\/elobservatorio.com.mx\/index.php?rest_route=%2Fwp%2Fv2%2Ftags&post=2151"}],"curies":[{"name":"wp","href":"https:\/\/api.w.org\/{rel}","templated":true}]}}