{"id":21522,"date":"2022-03-19T00:37:54","date_gmt":"2022-03-19T06:37:54","guid":{"rendered":"http:\/\/elobservatorio.com.mx\/?p=21522"},"modified":"2022-03-19T00:37:54","modified_gmt":"2022-03-19T06:37:54","slug":"se-suma-udec-a-feria-profesiografica-estatal-2022-realizada-en-tecoman","status":"publish","type":"post","link":"http:\/\/elobservatorio.com.mx\/?p=21522","title":{"rendered":"Se suma UdeC a Feria Profesiogr\u00e1fica  Estatal 2022 realizada en Tecom\u00e1n"},"content":{"rendered":"<p>Con la asistencia de estudiantes de distintas escuelas del municipio, este viernes se llev\u00f3 a cabo en Tecom\u00e1n la Feria Profesiogr\u00e1fica Estatal 2022, organizada por la Secretar\u00eda de Educaci\u00f3n y Cultura del Gobierno del Estado, en la que personal de la Direcci\u00f3n General de Orientaci\u00f3n Educativa y Vocacional de la Universidad de Colima dio a conocer la oferta educativa de la casa de estudios en los niveles de media superior, superior y posgrado.<\/p>\n","protected":false},"excerpt":{"rendered":"<p>Con la asistencia de estudiantes de distintas escuelas del municipio, este viernes se llev\u00f3 a cabo en Tecom\u00e1n la Feria Profesiogr\u00e1fica Estatal 2022, organizada por la Secretar\u00eda de Educaci\u00f3n y Cultura del Gobierno del Estado, en la que personal de la Direcci\u00f3n General de Orientaci\u00f3n Educativa y Vocacional de la Universidad de Colima dio a&#8230;<\/p>\n","protected":false},"author":2,"featured_media":21523,"comment_status":"open","ping_status":"open","sticky":false,"template":"","format":"standard","meta":{"footnotes":""},"categories":[19],"tags":[29,30,28],"class_list":["post-21522","post","type-post","status-publish","format-standard","has-post-thumbnail","hentry","category-fotonotas","tag-grid","tag-news","tag-slider"],"_links":{"self":[{"href":"http:\/\/elobservatorio.com.mx\/index.php?rest_route=\/wp\/v2\/posts\/21522"}],"collection":[{"href":"http:\/\/elobservatorio.com.mx\/index.php?rest_route=\/wp\/v2\/posts"}],"about":[{"href":"http:\/\/elobservatorio.com.mx\/index.php?rest_route=\/wp\/v2\/types\/post"}],"author":[{"embeddable":true,"href":"http:\/\/elobservatorio.com.mx\/index.php?rest_route=\/wp\/v2\/users\/2"}],"replies":[{"embeddable":true,"href":"http:\/\/elobservatorio.com.mx\/index.php?rest_route=%2Fwp%2Fv2%2Fcomments&post=21522"}],"version-history":[{"count":0,"href":"http:\/\/elobservatorio.com.mx\/index.php?rest_route=\/wp\/v2\/posts\/21522\/revisions"}],"wp:featuredmedia":[{"embeddable":true,"href":"http:\/\/elobservatorio.com.mx\/index.php?rest_route=\/wp\/v2\/media\/21523"}],"wp:attachment":[{"href":"http:\/\/elobservatorio.com.mx\/index.php?rest_route=%2Fwp%2Fv2%2Fmedia&parent=21522"}],"wp:term":[{"taxonomy":"category","embeddable":true,"href":"http:\/\/elobservatorio.com.mx\/index.php?rest_route=%2Fwp%2Fv2%2Fcategories&post=21522"},{"taxonomy":"post_tag","embeddable":true,"href":"http:\/\/elobservatorio.com.mx\/index.php?rest_route=%2Fwp%2Fv2%2Ftags&post=21522"}],"curies":[{"name":"wp","href":"https:\/\/api.w.org\/{rel}","templated":true}]}}