{"id":21601,"date":"2022-03-24T00:57:42","date_gmt":"2022-03-24T06:57:42","guid":{"rendered":"http:\/\/elobservatorio.com.mx\/?p=21601"},"modified":"2022-03-24T00:57:42","modified_gmt":"2022-03-24T06:57:42","slug":"instituto-de-feria-y-exposiciones-de-villa-de-alvarez-se-deslinda-de-presentacion-de-christian-nodal","status":"publish","type":"post","link":"http:\/\/elobservatorio.com.mx\/?p=21601","title":{"rendered":"Instituto de Feria y Exposiciones de Villa de \u00c1lvarez se deslinda de presentaci\u00f3n de Christian Nodal"},"content":{"rendered":"<div class=\"kvgmc6g5 cxmmr5t8 oygrvhab hcukyx3x c1et5uql ii04i59q\">\n<div dir=\"auto\">Comunicado Oficial<\/div>\n<\/div>\n<div class=\"cxmmr5t8 oygrvhab hcukyx3x c1et5uql o9v6fnle ii04i59q\">\n<div dir=\"auto\">Villa de \u00c1lvarez, Colima. &#8211; Ante el comunicado que el d\u00eda de hoy da a conocer el representante del artista Christian Nodal, en donde informa que nuevamente pospone su presentaci\u00f3n en La Plaza de Toros la Petatera, queremos hacer de su conocimiento las siguientes precisiones:<\/div>\n<\/div>\n<div class=\"cxmmr5t8 oygrvhab hcukyx3x c1et5uql o9v6fnle ii04i59q\">\n<div dir=\"auto\">&#8211; El Instituto de Festejos Charrotaurinos y Exposiciones de Villa de \u00c1lvarez (IFCEVA), se deslinda de cualquier situaci\u00f3n relacionada con la presentaci\u00f3n del cantante Christian Nodal.<\/div>\n<\/div>\n<div class=\"cxmmr5t8 oygrvhab hcukyx3x c1et5uql o9v6fnle ii04i59q\">\n<div dir=\"auto\">-La Empresa Santa Mar\u00eda por conducto de Jorge Cervantes en ning\u00fan momento se acerc\u00f3 de manera oficial al IFCEVA para concretar la presentaci\u00f3n del 2 de abril del artista en la Plaza de Toros la Petatera.<\/div>\n<\/div>\n<div class=\"cxmmr5t8 oygrvhab hcukyx3x c1et5uql o9v6fnle ii04i59q\">\n<div dir=\"auto\">-Derivado de lo anterior, el artista Christian Nodal ya no se podr\u00e1 presentar en la Plaza de Toros la Petatera, ya que en el mes de mayo la Plaza ser\u00e1 removida.<\/div>\n<\/div>\n<div class=\"cxmmr5t8 oygrvhab hcukyx3x c1et5uql o9v6fnle ii04i59q\">\n<div dir=\"auto\">-Jorge Cervantes quien se ostent\u00f3 como representante de la Empresa Santa Mar\u00eda, nunca gestion\u00f3 ante el IFCEVA, la apertura de una nueva fecha en la Petatera, la \u00fanica fecha oficial que el Instituto reconoce y que contaba con una reservaci\u00f3n de la Petatera para realizarse dicho evento fue la del 4 de marzo de 2022 y una vez pospuesta esa fecha al Instituto no le fue notificado oficialmente que Christian Nodal se presentar\u00eda el 2 abril ni por el representante del artista, ni por Jorge Cervantes representante de la Empresa Santa Mar\u00eda.<\/div>\n<\/div>\n<div class=\"cxmmr5t8 oygrvhab hcukyx3x c1et5uql o9v6fnle ii04i59q\">\n<div dir=\"auto\">Lo anterior, lo informamos para evitar especulaciones y aclararle al p\u00fablico la situaci\u00f3n que prevalece con dicha presentaci\u00f3n.<\/div>\n<\/div>\n<div class=\"cxmmr5t8 oygrvhab hcukyx3x c1et5uql o9v6fnle ii04i59q\">\n<div dir=\"auto\">Cualquier duda respecto al reembolso de los boletos y o cancelaci\u00f3n de los mismos, ser\u00e1 directamente con la Empresa Santa Mar\u00eda.<\/div>\n<\/div>\n","protected":false},"excerpt":{"rendered":"<p>Comunicado Oficial Villa de \u00c1lvarez, Colima. &#8211; Ante el comunicado que el d\u00eda de hoy da a conocer el representante del artista Christian Nodal, en donde informa que nuevamente pospone su presentaci\u00f3n en La Plaza de Toros la Petatera, queremos hacer de su conocimiento las siguientes precisiones: &#8211; El Instituto de Festejos Charrotaurinos y Exposiciones&#8230;<\/p>\n","protected":false},"author":2,"featured_media":21602,"comment_status":"open","ping_status":"open","sticky":false,"template":"","format":"standard","meta":{"footnotes":""},"categories":[32,8,42],"tags":[29,30,28],"class_list":["post-21601","post","type-post","status-publish","format-standard","has-post-thumbnail","hentry","category-escenario","category-municipios","category-villa-de-alvarez","tag-grid","tag-news","tag-slider"],"_links":{"self":[{"href":"http:\/\/elobservatorio.com.mx\/index.php?rest_route=\/wp\/v2\/posts\/21601"}],"collection":[{"href":"http:\/\/elobservatorio.com.mx\/index.php?rest_route=\/wp\/v2\/posts"}],"about":[{"href":"http:\/\/elobservatorio.com.mx\/index.php?rest_route=\/wp\/v2\/types\/post"}],"author":[{"embeddable":true,"href":"http:\/\/elobservatorio.com.mx\/index.php?rest_route=\/wp\/v2\/users\/2"}],"replies":[{"embeddable":true,"href":"http:\/\/elobservatorio.com.mx\/index.php?rest_route=%2Fwp%2Fv2%2Fcomments&post=21601"}],"version-history":[{"count":0,"href":"http:\/\/elobservatorio.com.mx\/index.php?rest_route=\/wp\/v2\/posts\/21601\/revisions"}],"wp:featuredmedia":[{"embeddable":true,"href":"http:\/\/elobservatorio.com.mx\/index.php?rest_route=\/wp\/v2\/media\/21602"}],"wp:attachment":[{"href":"http:\/\/elobservatorio.com.mx\/index.php?rest_route=%2Fwp%2Fv2%2Fmedia&parent=21601"}],"wp:term":[{"taxonomy":"category","embeddable":true,"href":"http:\/\/elobservatorio.com.mx\/index.php?rest_route=%2Fwp%2Fv2%2Fcategories&post=21601"},{"taxonomy":"post_tag","embeddable":true,"href":"http:\/\/elobservatorio.com.mx\/index.php?rest_route=%2Fwp%2Fv2%2Ftags&post=21601"}],"curies":[{"name":"wp","href":"https:\/\/api.w.org\/{rel}","templated":true}]}}