{"id":21793,"date":"2022-04-02T09:22:19","date_gmt":"2022-04-02T15:22:19","guid":{"rendered":"http:\/\/elobservatorio.com.mx\/?p=21793"},"modified":"2022-04-02T09:22:19","modified_gmt":"2022-04-02T15:22:19","slug":"diputado-rigoberto-garcia-impulsa-del-congreso-que-regresen-guias-de-movilizacion-a-los-productores","status":"publish","type":"post","link":"http:\/\/elobservatorio.com.mx\/?p=21793","title":{"rendered":"Diputado Rigoberto Garc\u00eda impulsa del congreso, que regresen guias de movilizaci\u00f3n a los productores"},"content":{"rendered":"<p>Rigoberto Garc\u00eda Negrete, diputado de Tecom\u00e1n, pidi\u00f3 la intervenci\u00f3n de los titulares de la Secretaria de Agricultura y Desarrollo Rural (SADER) del Estado de Colima, Ingeniera Mar\u00eda Esmeralda L\u00f3pez Mendoza, y la de Jaime Sotelo subsecretario de Desarrollo Rural del Gobierno del estado de Colima, para que las gu\u00edas de movilizaci\u00f3n regresen a los productores de Lim\u00f3n.<\/p>\n<p>Lo anterior al hacer uso de la tribuna en el congreso del estado, al afirmar que el sector primario es el eje fundamental de la econ\u00f3mica en el estado y me atrevo asegurar que tambi\u00e9n del pa\u00eds, les debemos mucho as\u00ed que respaldarlos es fundamental en estos momentos a los limoneros del estado.<\/p>\n<p>Adem\u00e1s de reconocer que la situaci\u00f3n financiera que vive el estado est\u00e1 muy dif\u00edcil, pero nosotros , los productores de lim\u00f3n , solucionamos esta situaci\u00f3n con trabajo y m\u00e1s trabajo, buscando el desarrollo de los productores y de la gente trabajadora del campo.<\/p>\n<p>Garc\u00eda Negrete, pidi\u00f3 a los responsables de la subsecretar\u00eda de desarrollo rural del Gobierno del estado y de la Secretaria de Agricultura y Desarrollo Rural, coadyuvar para que las gu\u00edas de movilizaci\u00f3n regresen a los productores de Lim\u00f3n y de esa forma estos puedan tener el control en el precio del producto, tras afirmar en estos momentos estas gu\u00edas se encuentran en manos de otro eslab\u00f3n del sector productivo.<\/p>\n<p>Por esa raz\u00f3n es importante que los responsables de ambas dependencias coadyuven para que los productores de lim\u00f3n, puedan tener de nuevo las gu\u00edas de movilizaci\u00f3n del producto con el ello el precio del producto, lo que traer\u00e1 como consecuencia un menor precio al consumidor, concluy\u00f3 el legislador Rigoberto Garc\u00eda.<\/p>\n","protected":false},"excerpt":{"rendered":"<p>Rigoberto Garc\u00eda Negrete, diputado de Tecom\u00e1n, pidi\u00f3 la intervenci\u00f3n de los titulares de la Secretaria de Agricultura y Desarrollo Rural (SADER) del Estado de Colima, Ingeniera Mar\u00eda Esmeralda L\u00f3pez Mendoza, y la de Jaime Sotelo subsecretario de Desarrollo Rural del Gobierno del estado de Colima, para que las gu\u00edas de movilizaci\u00f3n regresen a los productores&#8230;<\/p>\n","protected":false},"author":2,"featured_media":21794,"comment_status":"open","ping_status":"open","sticky":false,"template":"","format":"standard","meta":{"footnotes":""},"categories":[1],"tags":[29,30,28],"class_list":["post-21793","post","type-post","status-publish","format-standard","has-post-thumbnail","hentry","category-espacio-legislativo","tag-grid","tag-news","tag-slider"],"_links":{"self":[{"href":"http:\/\/elobservatorio.com.mx\/index.php?rest_route=\/wp\/v2\/posts\/21793"}],"collection":[{"href":"http:\/\/elobservatorio.com.mx\/index.php?rest_route=\/wp\/v2\/posts"}],"about":[{"href":"http:\/\/elobservatorio.com.mx\/index.php?rest_route=\/wp\/v2\/types\/post"}],"author":[{"embeddable":true,"href":"http:\/\/elobservatorio.com.mx\/index.php?rest_route=\/wp\/v2\/users\/2"}],"replies":[{"embeddable":true,"href":"http:\/\/elobservatorio.com.mx\/index.php?rest_route=%2Fwp%2Fv2%2Fcomments&post=21793"}],"version-history":[{"count":0,"href":"http:\/\/elobservatorio.com.mx\/index.php?rest_route=\/wp\/v2\/posts\/21793\/revisions"}],"wp:featuredmedia":[{"embeddable":true,"href":"http:\/\/elobservatorio.com.mx\/index.php?rest_route=\/wp\/v2\/media\/21794"}],"wp:attachment":[{"href":"http:\/\/elobservatorio.com.mx\/index.php?rest_route=%2Fwp%2Fv2%2Fmedia&parent=21793"}],"wp:term":[{"taxonomy":"category","embeddable":true,"href":"http:\/\/elobservatorio.com.mx\/index.php?rest_route=%2Fwp%2Fv2%2Fcategories&post=21793"},{"taxonomy":"post_tag","embeddable":true,"href":"http:\/\/elobservatorio.com.mx\/index.php?rest_route=%2Fwp%2Fv2%2Ftags&post=21793"}],"curies":[{"name":"wp","href":"https:\/\/api.w.org\/{rel}","templated":true}]}}