{"id":21884,"date":"2022-04-08T12:29:48","date_gmt":"2022-04-08T17:29:48","guid":{"rendered":"http:\/\/elobservatorio.com.mx\/?p=21884"},"modified":"2022-04-08T13:16:59","modified_gmt":"2022-04-08T18:16:59","slug":"desde-el-congreso-local-rechazan-morena-y-aliados-apoyar-al-campo","status":"publish","type":"post","link":"http:\/\/elobservatorio.com.mx\/?p=21884","title":{"rendered":"Desde el congreso local, rechazan MORENA y aliados apoyar al campo"},"content":{"rendered":"<p><em>*Aprueban diputados del bloque democr\u00e1tico Iniciativa del diputado Rigoberto Garc\u00eda Negrete en beneficio de los productores\u00a0<\/em><\/p>\n<p><em> * Morena y Nueva Alianza rechazan apoyar al campo, van contra el sector agr\u00edcola al no respaldar la iniciativa presentada.<\/em><\/p>\n<p><em>*Fertilizantes a bajo costo para el sector agr\u00edcola del estado de Colima, solicita el legislador de Tecom\u00e1n en su iniciativa presentada en la sexag\u00e9sima legislatura.<\/em><\/p>\n<p>COLIMA, COL.- Con mayor\u00eda de votos del Bloque Democr\u00e1tico y de las y los diputados del MC y del PT, se aprueba la iniciativa del punto de acuerdo propuesto por el legislador de Tecoman, Rigoberto Garc\u00eda Negrete para apoyar con fertilizantes a bajo costo al sector agr\u00edcola del estado.<\/p>\n<p>Tras ser aprobada la Iniciativa de Punto de Acuerdo se hace un atento y respetuoso exhorto, a la Ingeniera Mar\u00eda Esmeralda L\u00f3pez Mendoza Titular de la Oficina de Representaci\u00f3n en el Estado de Colima de la Secretar\u00eda de Agricultura y Desarrollo Rural del Gobierno Federal (SADER); a Indira Vizca\u00edno Silva, Gobernadora de Colima; y al Ingeniero Jaime Enrique Sotelo Garc\u00eda Subsecretario de Desarrollo Rural del Gobierno del Estado de Colima.<\/p>\n<p>El legislador tecomense al dar lectura en tribuna dijo que hace algunos d\u00edas, Miguel \u00c1ngel Manzanilla, Director del INIFAP Campus Experimental Tecom\u00e1n, en una entrevista el d\u00eda 29 de marzo de 2022, dijo que los fertilizantes han tenido un incremento de hasta un 150% en el estado.<\/p>\n<p>De la misma forma, agreg\u00f3, esa problem\u00e1tica tal parece que permea en todo el pa\u00eds, pues el mismo d\u00eda, el peri\u00f3dico digital nacional denominado \u201cEl Economista\u201d, dio la nota de que productores de los Estados de Guanajuato y Puebla resent\u00edan los altos costos de los fertilizantes en donde se tiene un incremento de hasta el 300%, y hac\u00edan un llamado al Gobierno Federal para que viera y escuche las condiciones en que esta el campo mexicano y que se adoptaran medidas pr\u00e1cticas como instalar centros de distribuci\u00f3n donde los peque\u00f1os productores tengan un precio especial.<\/p>\n<p>Asimismo, se\u00f1alo Garc\u00eda Negrete, hay conocimiento que el Programa de Apoyo de Fertilizantes para al Ejercicio 2022, la Secretar\u00eda de Agricultura y Desarrollo Rural del Gobierno Federal (SADER), solo benefici\u00f3 con este tipo de apoyo a cinco Estados de la Rep\u00fablica, siendo los Estados de Chiapas, Guerrero, Morelos, Puebla y Tlaxcala, pero lamentablemente el Estado de Colima, no est\u00e1 considerando, pese a que nuestro Estado es altamente agr\u00edcola.<\/p>\n<p>Por ultimo remarco en pro de lo anterior, es necesario que se haga un atento y respetuoso exhorto, a la Titular de la Oficina de Representaci\u00f3n en el Estado de Colima de la Secretar\u00eda de Agricultura y Desarrollo Rural del Gobierno Federal (SADER); a la Titular del Poder Ejecutivo del Estado de Colima y al Titular de la Subsecretar\u00eda de Desarrollo Rural del Gobierno del Estado de Colima, para que por su conducto y mediante las acciones y gestiones legales que est\u00e9n a su alcance, se pueda dar apoyo a los productores agr\u00edcolas del Estado de Colima mediante la entrega de fertilizante o en su defecto, que este pueda concederse a bajo costo.<\/p>\n<p>Misma Iniciativa del Punto de Acuerdo que fue respaldado por las y los candidatos del Pri, Pan, Verde, Pes, MC y PT con 14 votos contra la negativa de las y los legisladores de Morena y Nueva Alianza.<\/p>\n","protected":false},"excerpt":{"rendered":"<p>*Aprueban diputados del bloque democr\u00e1tico Iniciativa del diputado Rigoberto Garc\u00eda Negrete en beneficio de los productores\u00a0 * Morena y Nueva Alianza rechazan apoyar al campo, van contra el sector agr\u00edcola al no respaldar la iniciativa presentada. *Fertilizantes a bajo costo para el sector agr\u00edcola del estado de Colima, solicita el legislador de Tecom\u00e1n en su&#8230;<\/p>\n","protected":false},"author":2,"featured_media":21885,"comment_status":"open","ping_status":"open","sticky":false,"template":"","format":"standard","meta":{"footnotes":""},"categories":[1],"tags":[29,30,28],"class_list":["post-21884","post","type-post","status-publish","format-standard","has-post-thumbnail","hentry","category-espacio-legislativo","tag-grid","tag-news","tag-slider"],"_links":{"self":[{"href":"http:\/\/elobservatorio.com.mx\/index.php?rest_route=\/wp\/v2\/posts\/21884"}],"collection":[{"href":"http:\/\/elobservatorio.com.mx\/index.php?rest_route=\/wp\/v2\/posts"}],"about":[{"href":"http:\/\/elobservatorio.com.mx\/index.php?rest_route=\/wp\/v2\/types\/post"}],"author":[{"embeddable":true,"href":"http:\/\/elobservatorio.com.mx\/index.php?rest_route=\/wp\/v2\/users\/2"}],"replies":[{"embeddable":true,"href":"http:\/\/elobservatorio.com.mx\/index.php?rest_route=%2Fwp%2Fv2%2Fcomments&post=21884"}],"version-history":[{"count":0,"href":"http:\/\/elobservatorio.com.mx\/index.php?rest_route=\/wp\/v2\/posts\/21884\/revisions"}],"wp:featuredmedia":[{"embeddable":true,"href":"http:\/\/elobservatorio.com.mx\/index.php?rest_route=\/wp\/v2\/media\/21885"}],"wp:attachment":[{"href":"http:\/\/elobservatorio.com.mx\/index.php?rest_route=%2Fwp%2Fv2%2Fmedia&parent=21884"}],"wp:term":[{"taxonomy":"category","embeddable":true,"href":"http:\/\/elobservatorio.com.mx\/index.php?rest_route=%2Fwp%2Fv2%2Fcategories&post=21884"},{"taxonomy":"post_tag","embeddable":true,"href":"http:\/\/elobservatorio.com.mx\/index.php?rest_route=%2Fwp%2Fv2%2Ftags&post=21884"}],"curies":[{"name":"wp","href":"https:\/\/api.w.org\/{rel}","templated":true}]}}