{"id":22065,"date":"2022-04-25T13:23:56","date_gmt":"2022-04-25T18:23:56","guid":{"rendered":"http:\/\/elobservatorio.com.mx\/?p=22065"},"modified":"2022-04-25T13:23:56","modified_gmt":"2022-04-25T18:23:56","slug":"mas-actos-terroristas-alerta-por-venir","status":"publish","type":"post","link":"http:\/\/elobservatorio.com.mx\/?p=22065","title":{"rendered":"M\u00e1s actos terroristas, alerta por venir\u00a0"},"content":{"rendered":"<p class=\"x_MsoNormal\"><span style=\"font-family: Garamond, serif;\"><b>PARACA\u00cdDAS<\/b><\/span><\/p>\n<p class=\"x_MsoNormal\"><span style=\"font-family: Garamond, serif;\"><b>Rogelio Guedea<\/b><\/span><\/p>\n<p class=\"x_MsoNormal\">La ola de acontecimientos violentos suscitados en los \u00faltimos cuatro meses (en los cuales han perdido la vida m\u00e1s de 250 personas, entre ellos seis polic\u00edas, ni\u00f1os y mujeres inocentes) indican claramente que lo que se est\u00e1 viviendo en Colima todav\u00eda es poco comparado con lo que se espera por venir: m\u00e1s actos terroristas no s\u00f3lo entre la sociedad civil sino, incluso, entre las instituciones, la clase pol\u00edtica y el sector empresarial.<\/p>\n<p class=\"x_MsoNormal\">Para aquellos que todav\u00eda son reacios a clasificar como actos terroristas una bolsa de pl\u00e1stico con restos humanos en el interior encontrada a plena luz del d\u00eda en una calle cualquiera o una cabeza humana sobre una cartulina abandonada a las afueras de alg\u00fan palacio municipal, preciso es decirles que todo acto que tienda a generar terror entre la sociedad civil es un acto terrorista. Por eso, una acuciosa lectura entre l\u00edneas sobre lo acontecido hasta el d\u00eda de hoy con respecto a la ola de violencia que vive nuestra entidad, indica claramente que la espiral de violencia no ha logrado su cometido y que \u00e9sta se ver\u00e1 obligada (como ya lo est\u00e1 haciendo) a escalar todav\u00eda m\u00e1s en las pr\u00f3ximas semanas y meses, todo lo anterior ante una autoridad un tanto imp\u00e1vida que todav\u00eda no encuentra una forma efectiva de enfrentarla y contenerla.<\/p>\n<p class=\"x_MsoNormal\">Si bien esta ola de violencia ha cobrado la vida de muchas personas inocentes (no hace mucho nos condol\u00edamos con el crimen de una menor de trece a\u00f1os, y poco antes de una maestra muy apreciada en el gremio magisterial), lo que se espera ahora es que esto afecte directamente de manera m\u00e1s recrudecida, como he dicho, a las instituciones (de gobierno, educativas, etc\u00e9tera), a la clase pol\u00edtica y al sector empresarial, estos \u00faltimos adem\u00e1s ya con meses padeciendo los embates de la crisis econ\u00f3mica derivada de la pandemia.<\/p>\n<p class=\"x_MsoNormal\">Los atentados contra el propio Estado (los cr\u00edmenes a miembros de sus corporaciones policiales y ministeriales) son una clara muestra de c\u00f3mo el crimen organizado tiene en sus manos el control de la paz y el bienestar social y est\u00e1 utiliz\u00e1ndolo a su voluntad, a fin de cumplir sus propios objetivos empresariales.<\/p>\n<p class=\"x_MsoNormal\">Por eso, y dada la crisis social que esto ha producido, m\u00e1s la econ\u00f3mica que se precipitar\u00e1 en los pr\u00f3ximos meses, las autoridades (estatal y municipales) deben urgentemente replantear su plan de combate a la violencia si no se quiere que esta dif\u00edcil crisis de violencia que padecemos irrumpa en escuelas p\u00fablicas y privadas, universidades y tecnol\u00f3gicos, oficinas de gobierno estatal y municipal, negocios, etc\u00e9tera, entes que, a estas alturas, deber\u00edan en estos momentos de estar ya prepar\u00e1ndose para protegerse de que esta nueva escalada por venir afecte a alguno de los miembros de su comunidad, corporaci\u00f3n o agrupaci\u00f3n.<\/p>\n<p class=\"x_MsoNormal\">No podemos pensar en la violencia como algo que les sucede nada m\u00e1s a los otros, sino como una posible y real amenaza a nosotros mismos o a alg\u00fan miembro de nuestra familia y, sobre todo, como un dolor que, derivado de eso, nos cambiar\u00e1 la vida para siempre. Si lo pensamos de esta manera, entonces estaremos en condiciones de buscar todos los medios para evitarlo, como individuos y como colectividad. Espero, pues, que todos aquellos (individuos, instituciones, etc\u00e9tera) que precien su vida y la de su colectividad tomen cartas en el asunto para evitar que la nueva ola de actos terroristas por venir los pueda alcanzar.<\/p>\n<p class=\"x_MsoNormal\">\n","protected":false},"excerpt":{"rendered":"<p>PARACA\u00cdDAS Rogelio Guedea La ola de acontecimientos violentos suscitados en los \u00faltimos cuatro meses (en los cuales han perdido la vida m\u00e1s de 250 personas, entre ellos seis polic\u00edas, ni\u00f1os y mujeres inocentes) indican claramente que lo que se est\u00e1 viviendo en Colima todav\u00eda es poco comparado con lo que se espera por venir: m\u00e1s&#8230;<\/p>\n","protected":false},"author":2,"featured_media":1053,"comment_status":"open","ping_status":"open","sticky":false,"template":"","format":"standard","meta":{"footnotes":""},"categories":[11],"tags":[29,30,28],"class_list":["post-22065","post","type-post","status-publish","format-standard","has-post-thumbnail","hentry","category-opinion","tag-grid","tag-news","tag-slider"],"_links":{"self":[{"href":"http:\/\/elobservatorio.com.mx\/index.php?rest_route=\/wp\/v2\/posts\/22065"}],"collection":[{"href":"http:\/\/elobservatorio.com.mx\/index.php?rest_route=\/wp\/v2\/posts"}],"about":[{"href":"http:\/\/elobservatorio.com.mx\/index.php?rest_route=\/wp\/v2\/types\/post"}],"author":[{"embeddable":true,"href":"http:\/\/elobservatorio.com.mx\/index.php?rest_route=\/wp\/v2\/users\/2"}],"replies":[{"embeddable":true,"href":"http:\/\/elobservatorio.com.mx\/index.php?rest_route=%2Fwp%2Fv2%2Fcomments&post=22065"}],"version-history":[{"count":0,"href":"http:\/\/elobservatorio.com.mx\/index.php?rest_route=\/wp\/v2\/posts\/22065\/revisions"}],"wp:featuredmedia":[{"embeddable":true,"href":"http:\/\/elobservatorio.com.mx\/index.php?rest_route=\/wp\/v2\/media\/1053"}],"wp:attachment":[{"href":"http:\/\/elobservatorio.com.mx\/index.php?rest_route=%2Fwp%2Fv2%2Fmedia&parent=22065"}],"wp:term":[{"taxonomy":"category","embeddable":true,"href":"http:\/\/elobservatorio.com.mx\/index.php?rest_route=%2Fwp%2Fv2%2Fcategories&post=22065"},{"taxonomy":"post_tag","embeddable":true,"href":"http:\/\/elobservatorio.com.mx\/index.php?rest_route=%2Fwp%2Fv2%2Ftags&post=22065"}],"curies":[{"name":"wp","href":"https:\/\/api.w.org\/{rel}","templated":true}]}}