{"id":22067,"date":"2022-04-25T13:43:31","date_gmt":"2022-04-25T18:43:31","guid":{"rendered":"http:\/\/elobservatorio.com.mx\/?p=22067"},"modified":"2022-04-25T13:44:21","modified_gmt":"2022-04-25T18:44:21","slug":"desarrolla-udec-proyecto-internacional-para-favorecer-a-estudiantes-neurodiversos","status":"publish","type":"post","link":"http:\/\/elobservatorio.com.mx\/?p=22067","title":{"rendered":"Desarrolla UdeC proyecto internacional para favorecer a estudiantes neurodiversos"},"content":{"rendered":"<p><em>*En las \u00faltimas semanas, como parte del proyecto internacional ENTENDER, la UdeC ha realizado diversas actividades para favorecer el acceso, la retenci\u00f3n, graduaci\u00f3n y empleo de las personas con condiciones neurodiversas.<\/em><\/p>\n<p>Como parte del proyecto internacional ENTENDER, en las \u00faltimas semanas la Universidad de Colima realiz\u00f3 un ciclo de conferencias sobre neurodiversidad, el panel de discusi\u00f3n: \u201cDi\u00e1logos para la inclusi\u00f3n integral desde la experiencia profesional: retos para la comunidad dentro del espectro autista\u201d y una mesa de trabajo con representantes de diversas empresas del estado de Colima, tambi\u00e9n sobre el tema de la neurodiversidad.<\/p>\n<p>ENTENDER (http:\/\/entender-project.com\/proyecto) es un proyecto de Construcci\u00f3n de Capacidades en Educaci\u00f3n Superior (Capacity Building in Higher Education -CBHE-), que financia ERASMUS+, en el que participan nueve universidades de varios pa\u00edses, y que es encabezado por la Universidad de Coventry, Reino Unido.<\/p>\n<p>Participan la Universidad de Alicante, en Espa\u00f1a; la Universidad de Macedonia, en Grecia; la Universidad de Tur\u00edn, Italia; las universidades nacionales de Rosario, Jujuy y San Juan, en Argentina y las universidades de Guadalajara y Colima, en M\u00e9xico.<\/p>\n<p>Su objetivo es \u201cmejorar las perspectivas de acceso, retenci\u00f3n, graduaci\u00f3n y empleo de las personas con condiciones neurodiversas en Argentina y M\u00e9xico, permiti\u00e9ndoles alcanzar todo su potencial mediante el desarrollo de capacidades para el apoyo a la neurodiversidad en los sectores de educaci\u00f3n superior y empleo, fomentando la inclusi\u00f3n y construyendo conocimiento\u201d. Inici\u00f3 en enero de 2020 y terminar\u00e1 en diciembre de este 2022.<\/p>\n<p>En el ciclo de conferencias, realizado de manera virtual, participaron especialistas de Argentina y M\u00e9xico hablando sobre los siguientes temas: \u201cM\u00e9todos de aprendizaje para estudiantes universitarios en el espectro autista (Dra. Rebeca Rosas Hern\u00e1ndez); \u201cDiscalculia: cuando 1+1 no son igual a 2\u201d (Mtra. Esther Alejandra Ochoa Garc\u00eda), \u201cCognici\u00f3n Social en el TDAH\u201d (Dr. Daniel Hern\u00e1ndez Torres), \u201cImplementaci\u00f3n de un modelo precl\u00ednico de esquizofrenia\/autismo\u201d (Dr. Diego Alexander Gonz\u00e1lez Franco) y \u201cEstrategias para la inclusi\u00f3n educativa en la universidad\u201d (Lic. Miriam Bidyeran y Lic. Mar\u00eda Virginia Ferreyra).<\/p>\n<p>Sobre el panel de discusi\u00f3n, se analizaron temas relacionados con el autismo, como la experiencia en el trabajo con personas en el espectro autista, los retos a que se enfrenta un profesional del \u00e1rea al trabajar con este tipo de personas, las barreras sociales a las que se enfrentan las personas dentro de este espectro, los logros que se han observado respecto al trabajo y desempe\u00f1o con quienes viven esta condici\u00f3n y se hicieron recomendaciones a los entornos donde se desenvuelven personas dentro del espectro autista para generar un espacio de inclusi\u00f3n que promueva su desarrollo integral.<\/p>\n<p>Finalmente, en cuanto a la reuni\u00f3n con empresarios y empresarias de Colima, adem\u00e1s de sensibilizarlos sobre el tema de la neurodiversidad, se busc\u00f3 crear v\u00ednculos con las y los empleadores para que estudiantes neurodivergentes puedan realizar su servicio social y\/o pr\u00e1cticas profesionales en dichas empresas.<\/p>\n<p>Como parte de dicha reuni\u00f3n, la neuropsic\u00f3loga Cynthia Raquel Garc\u00eda Esc\u00e1rpita Ferrer y la Mtra. Mar\u00eda Fernanda Pinto Gonz\u00e1lez, ambas profesoras de la Facultad de Psicolog\u00eda de la Universidad de Colima, impartieron la videoconferencia \u201cIntroducci\u00f3n a la neurodiversidad: ventajas de contar con trabajadores neurodivergentes\u201d.<\/p>\n<p>En este caso se cont\u00f3 con la participaci\u00f3n del Dr. V\u00edctor Hugo Cervantes Kardash, profesor y egresado de la Facultad de Medicina de la UdeC, quien comparti\u00f3 su experiencia como estudiante neurodivergente al cursar sus estudios en esta casa de estudios.<\/p>\n","protected":false},"excerpt":{"rendered":"<p>*En las \u00faltimas semanas, como parte del proyecto internacional ENTENDER, la UdeC ha realizado diversas actividades para favorecer el acceso, la retenci\u00f3n, graduaci\u00f3n y empleo de las personas con condiciones neurodiversas. Como parte del proyecto internacional ENTENDER, en las \u00faltimas semanas la Universidad de Colima realiz\u00f3 un ciclo de conferencias sobre neurodiversidad, el panel de&#8230;<\/p>\n","protected":false},"author":2,"featured_media":22069,"comment_status":"open","ping_status":"open","sticky":false,"template":"","format":"standard","meta":{"footnotes":""},"categories":[14],"tags":[29,30,28],"class_list":["post-22067","post","type-post","status-publish","format-standard","has-post-thumbnail","hentry","category-educacion-y-cultura","tag-grid","tag-news","tag-slider"],"_links":{"self":[{"href":"http:\/\/elobservatorio.com.mx\/index.php?rest_route=\/wp\/v2\/posts\/22067"}],"collection":[{"href":"http:\/\/elobservatorio.com.mx\/index.php?rest_route=\/wp\/v2\/posts"}],"about":[{"href":"http:\/\/elobservatorio.com.mx\/index.php?rest_route=\/wp\/v2\/types\/post"}],"author":[{"embeddable":true,"href":"http:\/\/elobservatorio.com.mx\/index.php?rest_route=\/wp\/v2\/users\/2"}],"replies":[{"embeddable":true,"href":"http:\/\/elobservatorio.com.mx\/index.php?rest_route=%2Fwp%2Fv2%2Fcomments&post=22067"}],"version-history":[{"count":0,"href":"http:\/\/elobservatorio.com.mx\/index.php?rest_route=\/wp\/v2\/posts\/22067\/revisions"}],"wp:featuredmedia":[{"embeddable":true,"href":"http:\/\/elobservatorio.com.mx\/index.php?rest_route=\/wp\/v2\/media\/22069"}],"wp:attachment":[{"href":"http:\/\/elobservatorio.com.mx\/index.php?rest_route=%2Fwp%2Fv2%2Fmedia&parent=22067"}],"wp:term":[{"taxonomy":"category","embeddable":true,"href":"http:\/\/elobservatorio.com.mx\/index.php?rest_route=%2Fwp%2Fv2%2Fcategories&post=22067"},{"taxonomy":"post_tag","embeddable":true,"href":"http:\/\/elobservatorio.com.mx\/index.php?rest_route=%2Fwp%2Fv2%2Ftags&post=22067"}],"curies":[{"name":"wp","href":"https:\/\/api.w.org\/{rel}","templated":true}]}}