{"id":22070,"date":"2022-04-25T17:59:07","date_gmt":"2022-04-25T22:59:07","guid":{"rendered":"http:\/\/elobservatorio.com.mx\/?p=22070"},"modified":"2022-04-25T17:59:07","modified_gmt":"2022-04-25T22:59:07","slug":"balacera-en-carrera-de-caballos-deja-11-muertos-en-chihuahua","status":"publish","type":"post","link":"http:\/\/elobservatorio.com.mx\/?p=22070","title":{"rendered":"Balacera en carrera de caballos deja 11 muertos en Chihuahua"},"content":{"rendered":"<p><em>*Tras la agresi\u00f3n se aseguraron cuatro veh\u00edculos y un arma de fuego<\/em><\/p>\n<p>Durante el fin de semana se registr\u00f3 una balacera durante una carrera clandestina de caballos en El Sauz, Chihuahua, donde 11 personas fueron asesinadas.<\/p>\n<p>El saldo oficial fue confirmado por el secretario de Seguridad P\u00fablica Estatal, Gilberto Lozoya, quien precis\u00f3 que cinco personas murieron en el lugar y otras de camino a hospitales.<\/p>\n<p>\u201cHasta ahorita tenemos el reporte donde lamentablemente 11 personas perdieron la vida; cinco personas en el lugar y otras en el traslado en hospitales\u201d, dijo.<\/p>\n<p>De acuerdo con medios locales, el enfrentamiento ocurri\u00f3 la noche del domingo cuando se llevaba a cabo una carrera de caballos clandestina.<\/p>\n<p><em>Con informaci\u00f3n de noticiasenlamira.com\u00a0<\/em><\/p>\n","protected":false},"excerpt":{"rendered":"<p>*Tras la agresi\u00f3n se aseguraron cuatro veh\u00edculos y un arma de fuego Durante el fin de semana se registr\u00f3 una balacera durante una carrera clandestina de caballos en El Sauz, Chihuahua, donde 11 personas fueron asesinadas. El saldo oficial fue confirmado por el secretario de Seguridad P\u00fablica Estatal, Gilberto Lozoya, quien precis\u00f3 que cinco personas&#8230;<\/p>\n","protected":false},"author":2,"featured_media":22071,"comment_status":"open","ping_status":"open","sticky":false,"template":"","format":"standard","meta":{"footnotes":""},"categories":[13],"tags":[29,30,28],"class_list":["post-22070","post","type-post","status-publish","format-standard","has-post-thumbnail","hentry","category-nacion-y-mundo","tag-grid","tag-news","tag-slider"],"_links":{"self":[{"href":"http:\/\/elobservatorio.com.mx\/index.php?rest_route=\/wp\/v2\/posts\/22070"}],"collection":[{"href":"http:\/\/elobservatorio.com.mx\/index.php?rest_route=\/wp\/v2\/posts"}],"about":[{"href":"http:\/\/elobservatorio.com.mx\/index.php?rest_route=\/wp\/v2\/types\/post"}],"author":[{"embeddable":true,"href":"http:\/\/elobservatorio.com.mx\/index.php?rest_route=\/wp\/v2\/users\/2"}],"replies":[{"embeddable":true,"href":"http:\/\/elobservatorio.com.mx\/index.php?rest_route=%2Fwp%2Fv2%2Fcomments&post=22070"}],"version-history":[{"count":0,"href":"http:\/\/elobservatorio.com.mx\/index.php?rest_route=\/wp\/v2\/posts\/22070\/revisions"}],"wp:featuredmedia":[{"embeddable":true,"href":"http:\/\/elobservatorio.com.mx\/index.php?rest_route=\/wp\/v2\/media\/22071"}],"wp:attachment":[{"href":"http:\/\/elobservatorio.com.mx\/index.php?rest_route=%2Fwp%2Fv2%2Fmedia&parent=22070"}],"wp:term":[{"taxonomy":"category","embeddable":true,"href":"http:\/\/elobservatorio.com.mx\/index.php?rest_route=%2Fwp%2Fv2%2Fcategories&post=22070"},{"taxonomy":"post_tag","embeddable":true,"href":"http:\/\/elobservatorio.com.mx\/index.php?rest_route=%2Fwp%2Fv2%2Ftags&post=22070"}],"curies":[{"name":"wp","href":"https:\/\/api.w.org\/{rel}","templated":true}]}}