{"id":22073,"date":"2022-04-25T19:29:11","date_gmt":"2022-04-26T00:29:11","guid":{"rendered":"http:\/\/elobservatorio.com.mx\/?p=22073"},"modified":"2022-04-25T19:29:11","modified_gmt":"2022-04-26T00:29:11","slug":"en-cuauhtemoc-dif-invita-a-participar-en-el-cabildo-infantil-2022","status":"publish","type":"post","link":"http:\/\/elobservatorio.com.mx\/?p=22073","title":{"rendered":"En Cuauht\u00e9moc, DIF invita a participar en\u00a0el Cabildo Infantil 2022"},"content":{"rendered":"<div dir=\"auto\">El DIF Municipal Cuauht\u00e9moc convoca a ni\u00f1os, ni\u00f1as y adolescentes de 9 a 13 a\u00f1os de edad, que residan en el municipio, para participar en el Cabildo Infantil 2022 y presidenta o presidente municipal, en el marco de los festejos por el D\u00eda del Ni\u00f1o y la Ni\u00f1a.<\/div>\n<div dir=\"auto\"><\/div>\n<div dir=\"auto\">Nadia Mej\u00eda Mart\u00ednez, presidenta de este sistema de asistencia social, explic\u00f3 que el objetivo es promover los derechos de la infancia, as\u00ed como los mecanismos de protecci\u00f3n que les permitan pleno acceso a la participaci\u00f3n en la toma de decisiones,<\/div>\n<div dir=\"auto\">impulsando el liderazgo en los diferentes \u00e1mbitos y sectores.<\/div>\n<div dir=\"auto\"><\/div>\n<div dir=\"auto\">La convocatoria de esta actividad fue colocada en escuelas del municipio por parte de la presidenta del DIF, integrantes del cabildo y el secretario del Ayuntamiento, Aldo Mart\u00ednez; misma que adem\u00e1s de se\u00f1alar como requisitos la edad y la residencia en este municipio, establece la elaboraci\u00f3n de un cartel alusivo a la promoci\u00f3n de los derechos de las ni\u00f1as ni\u00f1os y adolescentes.<\/div>\n<div dir=\"auto\"><\/div>\n<div dir=\"auto\">El escrito ser\u00e1 de forma libre, con extensi\u00f3n m\u00e1xima de una cuartilla y deber\u00e1n de responder a las preguntas \u00bfC\u00f3mo es el Cuauht\u00e9moc de tu sue\u00f1o?, \u00bfpor qu\u00e9 quieres participar en el Cabildo Infantil?, \u00bfQu\u00e9 har\u00edas para promover los derechos de las ni\u00f1as, ni\u00f1os y adolescentes en tu municipio?<\/div>\n<div dir=\"auto\"><\/div>\n<div dir=\"auto\">Cabe mencionar que tanto el escrito como el cartel que sirva de apoyo, ser\u00e1 considerado en la etapa \u00fanica de evaluaci\u00f3n, toda vez que deber\u00e1 tener coherencia en lo expuesto. El comit\u00e9 calificar\u00e1 la exposici\u00f3n oral, corporal y expresi\u00f3n art\u00edstica de las y los aspirantes y cada participante deber\u00e1 acudir con su cartel concursante.<\/div>\n<div dir=\"auto\"><\/div>\n<div dir=\"auto\">El cartel debe elaborarse de acuerdo con la convocatoria que se puede consultar en las redes sociales del Gobierno Municipal de Cuauht\u00e9moc y DIF Municipal Cuauht\u00e9moc.<\/div>\n","protected":false},"excerpt":{"rendered":"<p>El DIF Municipal Cuauht\u00e9moc convoca a ni\u00f1os, ni\u00f1as y adolescentes de 9 a 13 a\u00f1os de edad, que residan en el municipio, para participar en el Cabildo Infantil 2022 y presidenta o presidente municipal, en el marco de los festejos por el D\u00eda del Ni\u00f1o y la Ni\u00f1a. Nadia Mej\u00eda Mart\u00ednez, presidenta de este sistema&#8230;<\/p>\n","protected":false},"author":2,"featured_media":22074,"comment_status":"open","ping_status":"open","sticky":false,"template":"","format":"standard","meta":{"footnotes":""},"categories":[40,8],"tags":[29,30,28],"class_list":["post-22073","post","type-post","status-publish","format-standard","has-post-thumbnail","hentry","category-cuauhtemoc","category-municipios","tag-grid","tag-news","tag-slider"],"_links":{"self":[{"href":"http:\/\/elobservatorio.com.mx\/index.php?rest_route=\/wp\/v2\/posts\/22073"}],"collection":[{"href":"http:\/\/elobservatorio.com.mx\/index.php?rest_route=\/wp\/v2\/posts"}],"about":[{"href":"http:\/\/elobservatorio.com.mx\/index.php?rest_route=\/wp\/v2\/types\/post"}],"author":[{"embeddable":true,"href":"http:\/\/elobservatorio.com.mx\/index.php?rest_route=\/wp\/v2\/users\/2"}],"replies":[{"embeddable":true,"href":"http:\/\/elobservatorio.com.mx\/index.php?rest_route=%2Fwp%2Fv2%2Fcomments&post=22073"}],"version-history":[{"count":0,"href":"http:\/\/elobservatorio.com.mx\/index.php?rest_route=\/wp\/v2\/posts\/22073\/revisions"}],"wp:featuredmedia":[{"embeddable":true,"href":"http:\/\/elobservatorio.com.mx\/index.php?rest_route=\/wp\/v2\/media\/22074"}],"wp:attachment":[{"href":"http:\/\/elobservatorio.com.mx\/index.php?rest_route=%2Fwp%2Fv2%2Fmedia&parent=22073"}],"wp:term":[{"taxonomy":"category","embeddable":true,"href":"http:\/\/elobservatorio.com.mx\/index.php?rest_route=%2Fwp%2Fv2%2Fcategories&post=22073"},{"taxonomy":"post_tag","embeddable":true,"href":"http:\/\/elobservatorio.com.mx\/index.php?rest_route=%2Fwp%2Fv2%2Ftags&post=22073"}],"curies":[{"name":"wp","href":"https:\/\/api.w.org\/{rel}","templated":true}]}}