{"id":22110,"date":"2022-04-26T23:25:31","date_gmt":"2022-04-27T04:25:31","guid":{"rendered":"http:\/\/elobservatorio.com.mx\/?p=22110"},"modified":"2022-04-26T23:25:31","modified_gmt":"2022-04-27T04:25:31","slug":"en-la-petatera-el-recodo-el-29-de-abril-y-corrida-formal-el-7-de-mayo","status":"publish","type":"post","link":"http:\/\/elobservatorio.com.mx\/?p=22110","title":{"rendered":"En La Petatera: El Recodo el 29 de abril y corrida formal el 7 de mayo"},"content":{"rendered":"<p class=\"x_gmail-MsoNoSpacing\"><em><span lang=\"ES-MX\">*Anunci\u00f3 Tey Guti\u00e9rrez operativo especial\u00a0 de seguridad<\/span><\/em><\/p>\n<p class=\"x_gmail-MsoNoSpacing\"><b><span lang=\"ES-MX\">\u00a0<\/span><\/b><b><span lang=\"ES-MX\">Villa de \u00c1lvarez, Col.-\u00a0<\/span><\/b><span lang=\"ES-MX\">El Patronato de los Festejos Charrotaurinos de Villa de \u00c1lvarez anunci\u00f3 los eventos que en los pr\u00f3ximos d\u00edas habr\u00e1n de celebrarse en la Plaza de Toros La Petatera, para los cuales se dispondr\u00e1 de un operativo especial de seguridad, de acuerdo con informaci\u00f3n proporcionada por la Presidenta del Patronato y Presidenta Municipal, Tey Guti\u00e9rrez.<\/span><\/p>\n<p class=\"x_gmail-MsoNoSpacing\"><span lang=\"ES-MX\">\u00a0<\/span><span lang=\"ES-MX\">Para resguardar la integridad de los asistentes a los eventos, la Direcci\u00f3n de Seguridad P\u00fablica contratar\u00e1 personal auxiliar, mientras los empresarios que promueven los eventos tambi\u00e9n contratar\u00e1n seguridad privada, adem\u00e1s se tendr\u00e1n totalmente iluminadas y resguardadas las \u00e1reas de estacionamiento.<\/span><\/p>\n<p class=\"x_gmail-MsoNoSpacing\"><span lang=\"ES-MX\">\u00a0<\/span><span lang=\"ES-MX\">Por otra parte, entre los \u00faltimos eventos de La Petatera destacan presentaciones art\u00edsticas, una corrida formal, festival del D\u00eda del Ni\u00f1o y de la Ni\u00f1a, festejo por el D\u00eda de las Madres y exhibici\u00f3n de autos Mustang.<\/span><\/p>\n<p class=\"x_gmail-MsoNoSpacing\"><span lang=\"ES-MX\">\u00a0<\/span><span lang=\"ES-MX\">Petronilo V\u00e1zquez Vuelvas, integrante del Patronato, anunci\u00f3 que el viernes 29 de abril a partir de las 18:00 horas se presentar\u00e1n la Banda El Recodo, Banda Los Recoditos y los toros de Memo Ocampo.<\/span><\/p>\n<p class=\"x_gmail-MsoNoSpacing\"><span lang=\"ES-MX\">\u00a0<\/span><span lang=\"ES-MX\">\u201cEste es un evento in\u00e9dito, es\u00a0 un cartel importante, a la altura de Villa de \u00c1lvarez y de las Fiestas de la Villa\u201d, asegur\u00f3 V\u00e1zquez Vuelvas.<\/span><\/p>\n<p class=\"x_gmail-MsoNoSpacing\"><span lang=\"ES-MX\">\u00a0<\/span><span lang=\"ES-MX\">El martes siete de mayo se realizar\u00e1 la \u00fanica corrida formal, en la que alternar\u00e1n Uriel Moreno \u201cEl Zapata\u201d, \u201cEl Chihuahua\u201d, Fauro Aloi, toreo que acaba de tomar la alternativa y que presenta un gran espect\u00e1culo con caballos.<\/span><\/p>\n<p class=\"x_gmail-MsoNoSpacing\"><span lang=\"ES-MX\">\u00a0<\/span><span lang=\"ES-MX\">Antes, el primero de mayo, a partir de las 17:30 horas, se realizar\u00e1 el festejo a las ni\u00f1as y ni\u00f1os de\u00a0 Villa de \u00c1lvarez, con la presentaci\u00f3n de Encanto, con el grupo de animaci\u00f3n Bet\u00fan, para el que ya est\u00e1n entreg\u00e1ndose los boletos de admisi\u00f3n, en las instalaciones\u00a0 del DIF Municipal, de acuerdo con informaci\u00f3n ofrecida por Lizet Rodr\u00edguez, tambi\u00e9n integrante del Patronato.<\/span><\/p>\n<p class=\"x_gmail-MsoNoSpacing\"><span lang=\"ES-MX\">\u00a0<\/span><span lang=\"ES-MX\">C\u00e9sar Gait\u00e1n, Director del Instituto de Festejos Charrotaurinos, anunci\u00f3 adem\u00e1s que el 10 de mayo se realizar\u00e1 un festival para festejar a las mam\u00e1s villalvarenses y el 30 de abril y el Primero de Mayo la Escuder\u00eda Mustang de Colima realizar\u00e1 una exhibici\u00f3n de autom\u00f3viles.<\/span><\/p>\n","protected":false},"excerpt":{"rendered":"<p>*Anunci\u00f3 Tey Guti\u00e9rrez operativo especial\u00a0 de seguridad \u00a0Villa de \u00c1lvarez, Col.-\u00a0El Patronato de los Festejos Charrotaurinos de Villa de \u00c1lvarez anunci\u00f3 los eventos que en los pr\u00f3ximos d\u00edas habr\u00e1n de celebrarse en la Plaza de Toros La Petatera, para los cuales se dispondr\u00e1 de un operativo especial de seguridad, de acuerdo con informaci\u00f3n proporcionada por&#8230;<\/p>\n","protected":false},"author":2,"featured_media":22111,"comment_status":"open","ping_status":"open","sticky":false,"template":"","format":"standard","meta":{"footnotes":""},"categories":[8,42],"tags":[29,30,28],"class_list":["post-22110","post","type-post","status-publish","format-standard","has-post-thumbnail","hentry","category-municipios","category-villa-de-alvarez","tag-grid","tag-news","tag-slider"],"_links":{"self":[{"href":"http:\/\/elobservatorio.com.mx\/index.php?rest_route=\/wp\/v2\/posts\/22110"}],"collection":[{"href":"http:\/\/elobservatorio.com.mx\/index.php?rest_route=\/wp\/v2\/posts"}],"about":[{"href":"http:\/\/elobservatorio.com.mx\/index.php?rest_route=\/wp\/v2\/types\/post"}],"author":[{"embeddable":true,"href":"http:\/\/elobservatorio.com.mx\/index.php?rest_route=\/wp\/v2\/users\/2"}],"replies":[{"embeddable":true,"href":"http:\/\/elobservatorio.com.mx\/index.php?rest_route=%2Fwp%2Fv2%2Fcomments&post=22110"}],"version-history":[{"count":0,"href":"http:\/\/elobservatorio.com.mx\/index.php?rest_route=\/wp\/v2\/posts\/22110\/revisions"}],"wp:featuredmedia":[{"embeddable":true,"href":"http:\/\/elobservatorio.com.mx\/index.php?rest_route=\/wp\/v2\/media\/22111"}],"wp:attachment":[{"href":"http:\/\/elobservatorio.com.mx\/index.php?rest_route=%2Fwp%2Fv2%2Fmedia&parent=22110"}],"wp:term":[{"taxonomy":"category","embeddable":true,"href":"http:\/\/elobservatorio.com.mx\/index.php?rest_route=%2Fwp%2Fv2%2Fcategories&post=22110"},{"taxonomy":"post_tag","embeddable":true,"href":"http:\/\/elobservatorio.com.mx\/index.php?rest_route=%2Fwp%2Fv2%2Ftags&post=22110"}],"curies":[{"name":"wp","href":"https:\/\/api.w.org\/{rel}","templated":true}]}}