{"id":22113,"date":"2022-04-26T23:38:41","date_gmt":"2022-04-27T04:38:41","guid":{"rendered":"http:\/\/elobservatorio.com.mx\/?p=22113"},"modified":"2022-04-26T23:38:41","modified_gmt":"2022-04-27T04:38:41","slug":"invitan-a-celebrar-natalicio-de-fernando-del-paso-en-el-del-paso","status":"publish","type":"post","link":"http:\/\/elobservatorio.com.mx\/?p=22113","title":{"rendered":"Invitan a celebrar natalicio de Fernando Del Paso, en el Del paso"},"content":{"rendered":"<p><em>*Habr\u00e1 charla sobre legado literario de Don Fernando De Paso, lectura de su obra, m\u00fasica y una actividad culinaria.<\/em><\/p>\n<p>En el mes de abril se conmemora un a\u00f1o m\u00e1s del natalicio del polifac\u00e9tico escritor Fernando del Paso, as\u00ed como la fecha en que recibi\u00f3 el Premio Cervantes 2015, m\u00e1ximo galard\u00f3n de la literatura en espa\u00f1ol, por lo que el museo universitario fundado en su honor ha organizado el evento \u201cCelebraci\u00f3n de la vida y obra de Fernando del Paso en tres tiempos\u201d, que tendr\u00e1 lugar este jueves 28, a partir de las siete de la tarde, en el patio central del museo.<\/p>\n<p>La primera parte de la celebraci\u00f3n estar\u00e1 a cargo del escritor Miguel \u00c1ngel Govea, quien ofrecer\u00e1 una charla sobre el legado literario de Fernando del Paso y su trascendencia en el \u00e1mbito de las letras. Por su parte, la actriz Nury Sandoval llevar\u00e1 a cabo la lectura dramatizada de algunos fragmentos del mon\u00f3logo de la emperatriz Carlota que forma parte de la novela <em>Noticias del imperio<\/em>, una de las tres novelas escritas por Del Paso y considerada obra toral de la literatura mexicana del siglo XX.<\/p>\n<p>Para cerrar esta actividad dedicada a explorar distintos aspectos de la amplia trayectoria creativa del maestro Del Paso, el cocinero tradicional Alan Ramos estar\u00e1 a cargo de comentar la interpretaci\u00f3n que \u00e9l mismo hace del recetario <em>La cocina mexicana de Socorro y Fernando del Paso<\/em>, a trav\u00e9s de una degustaci\u00f3n culinaria que ofrecer\u00e1 al p\u00fablico asistente.<\/p>\n<p>A lo largo del evento, se contar\u00e1 con la participaci\u00f3n del Tr\u00edo Alborada, que interpretar\u00e1 una breve selecci\u00f3n de temas de m\u00fasica cl\u00e1sica de c\u00e1mara.<\/p>\n<p>Este evento forma parte de la Agenda Cultural SICEUC, y dado que el aforo es limitado, para p\u00fablico general es necesario hacer reservaciones al correo <a href=\"mailto:museofernandodelpaso@ucol.mx\">museofernandodelpaso@ucol.mx<\/a>, donde tambi\u00e9n puede solicitar mayores informes o pasar a la Direcci\u00f3n General de Patrimonio Cultural, ubicada en la calle Vicente Guerrero No. 35, colonia centro, a un costado de la Pinacoteca Universitaria, en horario de 10:00 a 14:00 horas para adquirir sus boletos de ingreso.<\/p>\n<p>La actividad ser\u00e1 transmitida a trav\u00e9s de Face Live del peri\u00f3dico universitario El Comentario.<\/p>\n<p>&nbsp;<\/p>\n","protected":false},"excerpt":{"rendered":"<p>*Habr\u00e1 charla sobre legado literario de Don Fernando De Paso, lectura de su obra, m\u00fasica y una actividad culinaria. En el mes de abril se conmemora un a\u00f1o m\u00e1s del natalicio del polifac\u00e9tico escritor Fernando del Paso, as\u00ed como la fecha en que recibi\u00f3 el Premio Cervantes 2015, m\u00e1ximo galard\u00f3n de la literatura en espa\u00f1ol,&#8230;<\/p>\n","protected":false},"author":2,"featured_media":22114,"comment_status":"open","ping_status":"open","sticky":false,"template":"","format":"standard","meta":{"footnotes":""},"categories":[14],"tags":[29,30,28],"class_list":["post-22113","post","type-post","status-publish","format-standard","has-post-thumbnail","hentry","category-educacion-y-cultura","tag-grid","tag-news","tag-slider"],"_links":{"self":[{"href":"http:\/\/elobservatorio.com.mx\/index.php?rest_route=\/wp\/v2\/posts\/22113"}],"collection":[{"href":"http:\/\/elobservatorio.com.mx\/index.php?rest_route=\/wp\/v2\/posts"}],"about":[{"href":"http:\/\/elobservatorio.com.mx\/index.php?rest_route=\/wp\/v2\/types\/post"}],"author":[{"embeddable":true,"href":"http:\/\/elobservatorio.com.mx\/index.php?rest_route=\/wp\/v2\/users\/2"}],"replies":[{"embeddable":true,"href":"http:\/\/elobservatorio.com.mx\/index.php?rest_route=%2Fwp%2Fv2%2Fcomments&post=22113"}],"version-history":[{"count":0,"href":"http:\/\/elobservatorio.com.mx\/index.php?rest_route=\/wp\/v2\/posts\/22113\/revisions"}],"wp:featuredmedia":[{"embeddable":true,"href":"http:\/\/elobservatorio.com.mx\/index.php?rest_route=\/wp\/v2\/media\/22114"}],"wp:attachment":[{"href":"http:\/\/elobservatorio.com.mx\/index.php?rest_route=%2Fwp%2Fv2%2Fmedia&parent=22113"}],"wp:term":[{"taxonomy":"category","embeddable":true,"href":"http:\/\/elobservatorio.com.mx\/index.php?rest_route=%2Fwp%2Fv2%2Fcategories&post=22113"},{"taxonomy":"post_tag","embeddable":true,"href":"http:\/\/elobservatorio.com.mx\/index.php?rest_route=%2Fwp%2Fv2%2Ftags&post=22113"}],"curies":[{"name":"wp","href":"https:\/\/api.w.org\/{rel}","templated":true}]}}