{"id":22116,"date":"2022-04-26T23:49:16","date_gmt":"2022-04-27T04:49:16","guid":{"rendered":"http:\/\/elobservatorio.com.mx\/?p=22116"},"modified":"2022-04-26T23:49:16","modified_gmt":"2022-04-27T04:49:16","slug":"beneficia-programa-udec-donativos-a-70-estudiantes-de-licenciatura","status":"publish","type":"post","link":"http:\/\/elobservatorio.com.mx\/?p=22116","title":{"rendered":"Beneficia programa UdeC-Donativos a 70 estudiantes de licenciatura"},"content":{"rendered":"<p><em>*En esta ocasi\u00f3n, los donadores fueron Carlos Hugo Guti\u00e9rrez, de GAPSA servicios; C\u00e9sar Ram\u00edrez, de Starr Produce, y Felipe de Jes\u00fas Michel, de Agro servicios de Colima.<\/em><\/p>\n<p>Este martes se realiz\u00f3 la segunda entrega de becas del Programa UdeC Donativos, que benefici\u00f3 a 70 alumnos de diferentes licenciaturas de la Universidad de Colima, y en el que los recursos provienen de empresarios y profesionistas del estado.<\/p>\n<p>En su mensaje, el rector Christian Jorge Torres Ortiz Zerme\u00f1o agradeci\u00f3 la confianza que las y los donantes tienen en el trabajo que realiza la Universidad, \u201cconfianza que, a su vez, se traduce en una beca para que ustedes j\u00f3venes puedan continuar con sus estudios\u201d.<\/p>\n<p>En esta ocasi\u00f3n, los donadores fueron el Ing. Carlos Hugo Guti\u00e9rrez Vel\u00e1zquez, de GAPSA servicios, quien apoy\u00f3 con 20 becas; el Ing. C\u00e9sar Ram\u00edrez Guerra, de Starr Produce, quien apoy\u00f3 con 10 becas y el Sr. Felipe de Jes\u00fas Michel Saucedo, de Agro servicios de Colima, quien aport\u00f3 recursos para 40 becas.<\/p>\n<p>Durante la pandemia, les dijo el rector a las y los estudiantes reunidos en el auditorio de Enfermer\u00eda, que para muchos y muchas fue complicado seguir sus estudios, \u201cpero con esta beca seguramente podr\u00e1n tener en el corto plazo un horizonte m\u00e1s tranquilo para resolver algunas necesidades personales derivadas de su vida acad\u00e9mica\u201d.<\/p>\n<p>Por esta raz\u00f3n, los comprometi\u00f3 a concluir sus estudios y les record\u00f3 que, \u201ccomo instituci\u00f3n, estaremos muy atentos y al pendiente de poderlos apoyar en cualquier situaci\u00f3n que se les presente\u201d.<\/p>\n<p>En nombre de las y los beneficiados, la alumna Alexa Nahom\u00ed Mart\u00ednez Garc\u00eda, de la Facultad de Mercadotecnia, coment\u00f3 que \u201ca dos a\u00f1os de ausentarnos de las aulas y tratar de continuar nuestros estudios, es un gran aliciente y motivaci\u00f3n que nuestra universidad nos brinde su apoyo a quienes, como yo, vivimos en situaciones que ponen en peligro el continuar con nuestros estudios\u201d.<\/p>\n<p>Asegur\u00f3, por \u00faltimo, que el inter\u00e9s de quienes recibieron este apoyo \u201ces concluir la carrera profesional y poder ser profesionistas que contribuyan al desarrollo de nuestro estado y que pongan en alto el nombre de la Universidad de Colima\u201d.<\/p>\n<p>En el pres\u00eddium, adem\u00e1s de los donantes estuvieron Joel Nino, secretario general; Camilo Garc\u00eda, presidente de la FEC y Ana Lilia Moreno, directora general de Servicios Universitarios.<\/p>\n","protected":false},"excerpt":{"rendered":"<p>*En esta ocasi\u00f3n, los donadores fueron Carlos Hugo Guti\u00e9rrez, de GAPSA servicios; C\u00e9sar Ram\u00edrez, de Starr Produce, y Felipe de Jes\u00fas Michel, de Agro servicios de Colima. Este martes se realiz\u00f3 la segunda entrega de becas del Programa UdeC Donativos, que benefici\u00f3 a 70 alumnos de diferentes licenciaturas de la Universidad de Colima, y en&#8230;<\/p>\n","protected":false},"author":2,"featured_media":22117,"comment_status":"open","ping_status":"open","sticky":false,"template":"","format":"standard","meta":{"footnotes":""},"categories":[14],"tags":[29,30,28],"class_list":["post-22116","post","type-post","status-publish","format-standard","has-post-thumbnail","hentry","category-educacion-y-cultura","tag-grid","tag-news","tag-slider"],"_links":{"self":[{"href":"http:\/\/elobservatorio.com.mx\/index.php?rest_route=\/wp\/v2\/posts\/22116"}],"collection":[{"href":"http:\/\/elobservatorio.com.mx\/index.php?rest_route=\/wp\/v2\/posts"}],"about":[{"href":"http:\/\/elobservatorio.com.mx\/index.php?rest_route=\/wp\/v2\/types\/post"}],"author":[{"embeddable":true,"href":"http:\/\/elobservatorio.com.mx\/index.php?rest_route=\/wp\/v2\/users\/2"}],"replies":[{"embeddable":true,"href":"http:\/\/elobservatorio.com.mx\/index.php?rest_route=%2Fwp%2Fv2%2Fcomments&post=22116"}],"version-history":[{"count":0,"href":"http:\/\/elobservatorio.com.mx\/index.php?rest_route=\/wp\/v2\/posts\/22116\/revisions"}],"wp:featuredmedia":[{"embeddable":true,"href":"http:\/\/elobservatorio.com.mx\/index.php?rest_route=\/wp\/v2\/media\/22117"}],"wp:attachment":[{"href":"http:\/\/elobservatorio.com.mx\/index.php?rest_route=%2Fwp%2Fv2%2Fmedia&parent=22116"}],"wp:term":[{"taxonomy":"category","embeddable":true,"href":"http:\/\/elobservatorio.com.mx\/index.php?rest_route=%2Fwp%2Fv2%2Fcategories&post=22116"},{"taxonomy":"post_tag","embeddable":true,"href":"http:\/\/elobservatorio.com.mx\/index.php?rest_route=%2Fwp%2Fv2%2Ftags&post=22116"}],"curies":[{"name":"wp","href":"https:\/\/api.w.org\/{rel}","templated":true}]}}