{"id":22262,"date":"2022-05-09T16:46:13","date_gmt":"2022-05-09T21:46:13","guid":{"rendered":"http:\/\/elobservatorio.com.mx\/?p=22262"},"modified":"2022-05-09T16:46:13","modified_gmt":"2022-05-09T21:46:13","slug":"reduccion-de-presupuesto-a-patronatos-demuestra-insensibilidad-de-elias-lozano-con-las-causas-sociales-laura-montes","status":"publish","type":"post","link":"http:\/\/elobservatorio.com.mx\/?p=22262","title":{"rendered":"Reducci\u00f3n de presupuesto a patronatos, demuestra insensibilidad de El\u00edas Lozano con las causas sociales: Laura Montes"},"content":{"rendered":"<p><em>*Despu\u00e9s de estar insistiendo que se les reasignara el presupuesto que se les dej\u00f3 dar desde el a\u00f1o 2021, ,respondieron que se les dar\u00e1 menos cantidad a la que recib\u00edan, informa la regidora\u00a0\u00a0<\/em><\/p>\n<p>Tecom\u00e1n Col.- Me parece triste la situaci\u00f3n, y adem\u00e1s lamentable la falta de voluntad que observamos del presidente<strong> El\u00edas Lozano<\/strong> hacia los Patronatos\u00a0 que sinceramente hacen un trabajo noble a favor de la poblaci\u00f3n y no s\u00f3lo de la ciudadan\u00eda si no de la poblaci\u00f3n m\u00e1s vulnerable, lo anterior lo declar\u00f3 la regidora<strong> Laura Montes\u00a0<\/strong><\/p>\n<p>Recordo que en una sesi\u00f3n de cabildo se solicit\u00f3 que se atendiera el tema,\u00a0 a \u00abbotepronto\u00bb el presidente contest\u00f3 que en la siguiente sesi\u00f3n\u00a0 se iba a estar discutiendo y pasando a votaci\u00f3n el dictamen en referencia, sin embargo,\u00a0 ya pas\u00f3 la sesi\u00f3n de cabildo y no ven\u00eda el punto en el orden del d\u00eda, no se discuti\u00f3, asever\u00f3.<\/p>\n<p>Inform\u00f3 que al d\u00eda de hoy ya hay avances,\u00a0 se trata que del dictamen que hizo la comisi\u00f3n de participaci\u00f3n ciudadana donde ped\u00eda que se respetara la misma cantidad que se les ven\u00eda asignando del presupuesto en el ejercicio fiscal 2021,\u00a0 en donde hab\u00eda una bolsa de 300 mil pesos para las quince asociaciones aproximadamente.<\/p>\n<p>\u00abnos contestan el pasado viernes que s\u00f3lo quedan 130 mil pesos y que se ajuste el dictamen para ese presupuesto se distribuyan entre todas las asociaciones por lo que resta del a\u00f1o,\u00a0 estamos hablando de una falta de compromiso y sensibilidad porque \u00a0les vamos a salir con mil pesos mensuales aproximadamente de manera oficial\u00bb.<\/p>\n<p>Lament\u00f3 que parece\u00a0 que no queda claro que las acciones que vienen realizando los patronatos nos ayudan a disminuirle la carga al Estado,\u00a0 qu\u00e9 pasar\u00eda si no existieran o bajaran las cortinas, que nos dijeran que no pueden operar ahorita por la situaci\u00f3n financiera complicada, cuestion\u00f3 la municipe.<\/p>\n<p>Dijo que de ser as\u00ed todos esos temas pasar\u00edan a cargo del Ayuntamiento, entonces realmente todo el trabajo que vienen haciendo es extraordinario, gestionan, tocan puertas, invierten de su dinero, invierten tiempo, hacen lo que de coraz\u00f3n les nace para brindar este servicio y es lamentable que en la administraci\u00f3n actual no se tenga esa sensibilidad para atender estas causas sociales.<\/p>\n<p>Al cuestionarle sobre el destino de los 170 mil pesos que se\u00a0 les quit\u00f3 de sus presupuesto, la regidora priista coment\u00f3, \u00abme imagino que la presidenta de la comisi\u00f3n,\u00a0 la enfermera Guadalupe Orozco quien ha mostrado el compromiso con las asociaciones, en este momento est\u00e1 haciendo lo propio, est\u00e1 investigando y viendo de qu\u00e9 manera podemos sacar adelante el tema de los patronatos y como ella lo sabe y el resto de los regidores tambi\u00e9n.\u00a0 Soy una aliada de las causas de las asociaciones civiles porque reconozco y valoro el esfuerzo que hacen y todo lo que aportan a la sociedad, finaliz\u00f3.<\/p>\n","protected":false},"excerpt":{"rendered":"<p>*Despu\u00e9s de estar insistiendo que se les reasignara el presupuesto que se les dej\u00f3 dar desde el a\u00f1o 2021, ,respondieron que se les dar\u00e1 menos cantidad a la que recib\u00edan, informa la regidora\u00a0\u00a0 Tecom\u00e1n Col.- Me parece triste la situaci\u00f3n, y adem\u00e1s lamentable la falta de voluntad que observamos del presidente El\u00edas Lozano hacia los&#8230;<\/p>\n","protected":false},"author":2,"featured_media":22263,"comment_status":"open","ping_status":"open","sticky":false,"template":"","format":"standard","meta":{"footnotes":""},"categories":[8,34],"tags":[29,30,28],"class_list":["post-22262","post","type-post","status-publish","format-standard","has-post-thumbnail","hentry","category-municipios","category-tecoman","tag-grid","tag-news","tag-slider"],"_links":{"self":[{"href":"http:\/\/elobservatorio.com.mx\/index.php?rest_route=\/wp\/v2\/posts\/22262"}],"collection":[{"href":"http:\/\/elobservatorio.com.mx\/index.php?rest_route=\/wp\/v2\/posts"}],"about":[{"href":"http:\/\/elobservatorio.com.mx\/index.php?rest_route=\/wp\/v2\/types\/post"}],"author":[{"embeddable":true,"href":"http:\/\/elobservatorio.com.mx\/index.php?rest_route=\/wp\/v2\/users\/2"}],"replies":[{"embeddable":true,"href":"http:\/\/elobservatorio.com.mx\/index.php?rest_route=%2Fwp%2Fv2%2Fcomments&post=22262"}],"version-history":[{"count":0,"href":"http:\/\/elobservatorio.com.mx\/index.php?rest_route=\/wp\/v2\/posts\/22262\/revisions"}],"wp:featuredmedia":[{"embeddable":true,"href":"http:\/\/elobservatorio.com.mx\/index.php?rest_route=\/wp\/v2\/media\/22263"}],"wp:attachment":[{"href":"http:\/\/elobservatorio.com.mx\/index.php?rest_route=%2Fwp%2Fv2%2Fmedia&parent=22262"}],"wp:term":[{"taxonomy":"category","embeddable":true,"href":"http:\/\/elobservatorio.com.mx\/index.php?rest_route=%2Fwp%2Fv2%2Fcategories&post=22262"},{"taxonomy":"post_tag","embeddable":true,"href":"http:\/\/elobservatorio.com.mx\/index.php?rest_route=%2Fwp%2Fv2%2Ftags&post=22262"}],"curies":[{"name":"wp","href":"https:\/\/api.w.org\/{rel}","templated":true}]}}