{"id":22309,"date":"2022-05-10T23:49:29","date_gmt":"2022-05-11T04:49:29","guid":{"rendered":"http:\/\/elobservatorio.com.mx\/?p=22309"},"modified":"2022-05-10T23:49:29","modified_gmt":"2022-05-11T04:49:29","slug":"designa-consejo-general-del-iee-colima-a-titulares-de-contaduria-y-transparencia","status":"publish","type":"post","link":"http:\/\/elobservatorio.com.mx\/?p=22309","title":{"rendered":"Designa Consejo General del IEE Colima a titulares de Contadur\u00eda y Transparencia"},"content":{"rendered":"<p>A propuesta de la Consejera Presidenta del Instituto Electoral del Estado de Colima (IEE), Mar\u00eda Elena Adriana Ruiz Visfocri; el \u00d3rgano Superior de Direcci\u00f3n aprob\u00f3 las designaciones de la ciudadana M\u00f3nica \u00c1lvarez Guti\u00e9rrez, como Contadora General; y del ciudadano Jos\u00e9 Daniel Miranda Medrano, como Director de Transparencia y Acceso a la Informaci\u00f3n P\u00fablica.<\/p>\n<p>Lo anterior durante la D\u00e9cima Quinta Sesi\u00f3n Extraordinaria del Periodo Interproceso 2021-2023, celebrada el lunes 09 de mayo, en la que, entre otros puntos, se aprob\u00f3 el acuerdo relativo a las designaciones antes se\u00f1aladas, por lo que los dos nuevos directivos entrar\u00e1n en funciones una vez que rindan la respectiva protesta de ley en la sesi\u00f3n de Consejo General a la que se les convoque para tales efectos.<\/p>\n<p>Previamente M\u00f3nica \u00c1lvarez y Daniel Miranda participaron en un proceso efectuado en varias etapas, el cual ocurri\u00f3 el 14 de marzo del a\u00f1o en curso, en el que las Consejeras y Consejeros Electorales, integrantes del Consejo General, llevaron a cabo la valoraci\u00f3n curricular y entrevistas respectivas para la titularidad de los dos cargos vacantes: Contadur\u00eda y\u00a0 Transparencia.<\/p>\n<p>Las Consejer\u00edas realizaron ambas fases considerando los criterios que garantizan la imparcialidad y profesionalismo de las personas propuestas, quienes demostraron que cuentan de manera suficiente con la capacidad requerida para el cargo, como son: apego a los principios rectores en materia electoral, liderazgo, comunicaci\u00f3n, trabajo en equipo, negociaci\u00f3n, profesionalismo e integridad.<\/p>\n<p>M\u00f3nica \u00c1lvarez Guti\u00e9rrez es egresada de la Facultad de Contabilidad de la Universidad de Colima y tiene un Diplomado en Impuestos. Ha trabajado activamente y tiene experiencia tanto en contabilidad gubernamental como en la iniciativa privada. Adem\u00e1s, desde diciembre de 2021 es la encargada de la Contadur\u00eda General del Instituto Electoral del Estado de Colima, desempe\u00f1\u00e1ndose responsable y\u00a0 profesionalmente en el \u00e1rea.<\/p>\n<p>Jos\u00e9 Daniel Miranda Medrano es soci\u00f3logo y maestro en Ciencia Pol\u00edtica y Administraci\u00f3n P\u00fablica. Se ha desempe\u00f1ado como Consejero Local del Instituto Nacional Electoral (INE) entre 2014 y 2016, adem\u00e1s ha impartido c\u00e1tedra en la Facultad de Ciencias Pol\u00edticas y Sociales de la Universidad de Colima. Desde el \u00e1mbito laboral y acad\u00e9mico ha dedicado su tiempo y desarrollo a la materia electoral.<\/p>\n<p>Conforme a las leyes y reglamentos internos, la Contadur\u00eda General es la encargada de establecer procedimientos t\u00e9cnicos para el registro arm\u00f3nico, delimitado y espec\u00edfico de las operaciones presupuestarias y contables derivadas de la gesti\u00f3n p\u00fablica, as\u00ed como otros flujos econ\u00f3micos. Asimismo, genera estados financieros, confiables, oportunos, comprensibles, peri\u00f3dicos y comparables, para la toma de decisiones.<\/p>\n<p>Por su parte la Direcci\u00f3n de Transparencia y Acceso a la Informaci\u00f3n P\u00fablica es la encargada de realizar las actividades enfocadas a la difusi\u00f3n y actualizaci\u00f3n de la informaci\u00f3n p\u00fablica en poder del Instituto, as\u00ed como apoyar a los \u00f3rganos del mismo en el proceso de gesti\u00f3n de la informaci\u00f3n socialmente \u00fatil para su permanente publicaci\u00f3n en la p\u00e1gina web institucional, a fin de cumplir con las disposiciones legales en la materia, aplicando la proactividad en el ejercicio del principio de m\u00e1xima publicidad.<\/p>\n","protected":false},"excerpt":{"rendered":"<p>A propuesta de la Consejera Presidenta del Instituto Electoral del Estado de Colima (IEE), Mar\u00eda Elena Adriana Ruiz Visfocri; el \u00d3rgano Superior de Direcci\u00f3n aprob\u00f3 las designaciones de la ciudadana M\u00f3nica \u00c1lvarez Guti\u00e9rrez, como Contadora General; y del ciudadano Jos\u00e9 Daniel Miranda Medrano, como Director de Transparencia y Acceso a la Informaci\u00f3n P\u00fablica. Lo anterior&#8230;<\/p>\n","protected":false},"author":2,"featured_media":22310,"comment_status":"open","ping_status":"open","sticky":false,"template":"","format":"standard","meta":{"footnotes":""},"categories":[10],"tags":[29,30,28],"class_list":["post-22309","post","type-post","status-publish","format-standard","has-post-thumbnail","hentry","category-politica","tag-grid","tag-news","tag-slider"],"_links":{"self":[{"href":"http:\/\/elobservatorio.com.mx\/index.php?rest_route=\/wp\/v2\/posts\/22309"}],"collection":[{"href":"http:\/\/elobservatorio.com.mx\/index.php?rest_route=\/wp\/v2\/posts"}],"about":[{"href":"http:\/\/elobservatorio.com.mx\/index.php?rest_route=\/wp\/v2\/types\/post"}],"author":[{"embeddable":true,"href":"http:\/\/elobservatorio.com.mx\/index.php?rest_route=\/wp\/v2\/users\/2"}],"replies":[{"embeddable":true,"href":"http:\/\/elobservatorio.com.mx\/index.php?rest_route=%2Fwp%2Fv2%2Fcomments&post=22309"}],"version-history":[{"count":0,"href":"http:\/\/elobservatorio.com.mx\/index.php?rest_route=\/wp\/v2\/posts\/22309\/revisions"}],"wp:featuredmedia":[{"embeddable":true,"href":"http:\/\/elobservatorio.com.mx\/index.php?rest_route=\/wp\/v2\/media\/22310"}],"wp:attachment":[{"href":"http:\/\/elobservatorio.com.mx\/index.php?rest_route=%2Fwp%2Fv2%2Fmedia&parent=22309"}],"wp:term":[{"taxonomy":"category","embeddable":true,"href":"http:\/\/elobservatorio.com.mx\/index.php?rest_route=%2Fwp%2Fv2%2Fcategories&post=22309"},{"taxonomy":"post_tag","embeddable":true,"href":"http:\/\/elobservatorio.com.mx\/index.php?rest_route=%2Fwp%2Fv2%2Ftags&post=22309"}],"curies":[{"name":"wp","href":"https:\/\/api.w.org\/{rel}","templated":true}]}}