{"id":2241,"date":"2019-02-08T03:19:04","date_gmt":"2019-02-08T03:19:04","guid":{"rendered":"http:\/\/elobservatorio.com.mx\/variado-programa-en-los-festejos-charrotaurinos"},"modified":"2019-02-08T03:19:04","modified_gmt":"2019-02-08T03:19:04","slug":"variado-programa-en-los-festejos-charrotaurinos","status":"publish","type":"post","link":"http:\/\/elobservatorio.com.mx\/?p=2241","title":{"rendered":"Variado programa en los Festejos Charrotaurinos"},"content":{"rendered":"<p class=\"x_MsoNormal\" style=\"text-align: left;\" align=\"center\"><i>*Se privilegi\u00f3 el ambiente familiar para la realizaci\u00f3n de los eventos, se\u00f1al\u00f3 el administrador del patronato, Jorge Fern\u00e1ndez Cerda<\/i><\/p>\n<p class=\"x_MsoNormal\">El Administrador del Patronato de los Festejos Charrotaurinos de Villa de \u00c1lvarez, Ing. Jorge Fern\u00e1ndez Cerda, dio a conocer el programa general de dicho festejo anual Edicion #162, en el que habr\u00e1 dos corridas formales, eventos art\u00edsticos con artistas de renombre, eventos deportivos y cabalgata infantil y de mujeres.<\/p>\n<p class=\"x_MsoNormal\">Se privilegi\u00f3 la variedad en los eventos para el disfrute de la poblaci\u00f3n villalvarense y visitantes, as\u00ed como el ambiente familiar, enfatiz\u00f3 eventos en la Carpa casino como lo es la Orquesta de Colorado Naranjo.<\/p>\n<p class=\"x_MsoNormal\">Refiri\u00f3 que las actividades este Viernes arrancar\u00e1n con el Juramento a San Felipe de Jes\u00fas a las 19:00 horas en el Jard\u00edn N\u00fa\u00f1ez; a las 19:30 horas la develaci\u00f3n de mojigangos y la Cabalgata nocturna en punto de las 20:00 horas del Jardin Nu\u00f1ez concluyendo en los terrenos de la Feria de Villa de Alvarez.<\/p>\n<p class=\"x_MsoNormal\">El s\u00e1bado 9 de febrero ser\u00e1 la inauguraci\u00f3n de los Festejos Charrotaurinos a las 10:00 horas en La Petatera; habr\u00e1 una cabalgata Diurna partiendo del Jard\u00edn Libertad; Toro de once a las 13:00 horas en La Petatera y el recibimiento ser\u00e1 ofrecido por el presidente municipal de Colima, Leoncio Mor\u00e1n S\u00e1nchez a las 14:30 horas en la Carpa Casino.<\/p>\n<p class=\"x_MsoNormal\">Se realizar\u00e1 un jaripeo brindado por Julio Garc\u00eda Ramos, rancho \u00abLos 3 Garc\u00eda\u201d, de Tecom\u00e1n a las 17:00 horas en La Petatera; un Concurso de Rock a las 18:00 horas en el Teatro del Pueblo y a las 19:00 horas, el Caballo bailador enn La Petatera.<\/p>\n<p class=\"x_MsoNormal\">Las actividades del domingo 10 de febrero iniciar\u00e1n con la Cabalgata diurna en el Jard\u00edn Libertad; Toro de once; la degustaci\u00f3n de carnitas de cerdo, ofrecida\u00a0 por Granja \u00abLa Majada\u00bb, Grupo de Orl\u00e1n, Granja Colomitos y \u00abEl Granjero Steak\u00bb\u00a0 a las 14:00 horas en La Petatera.<\/p>\n<p class=\"x_MsoNormal\">El recibimiento ser\u00e1 ofrecido por el diputado Carlos C\u00e9sar Far\u00edas a las 14:30 horas en la Carpa Casino; el Jaripeo ser\u00e1 brindado por los hermanos Medina Cruz, del rancho \u201cLa Cantera\u201d, de Villa de \u00c1lvarez y habr\u00e1 un Concurso de Rock a las 18:00 horas en el Teatro del Pueblo y Caballo bailador a las 19:00 horas en La Petatera.<\/p>\n<p class=\"x_MsoNormal\">Manifest\u00f3 que otro de los eventos relevantes que se tendr\u00e1n ser\u00e1 el mi\u00e9rcoles 13 con la Cabalgata nocturna de La Gasolina, partiendo del Jard\u00edn N\u00fa\u00f1ez a las 20:00 horas.<\/p>\n<p class=\"x_MsoNormal\">El domingo 17, se realizar\u00e1 el Circuito \u00abCuernos Chuecos\u00bb a las 18:00 horas en el Megapalenque; el s\u00e1bado 23, en el mismo lugar habr\u00e1 un evento especial: Los Plebes del Rancho a las 21:00 horas en el Megapalenque de Villa de Alvarez<\/p>\n<p class=\"x_MsoNormal\">El martes 26, se llevar\u00e1 a cabo otro evento especial con los Enanitos Toreros y Patorro, denominado un 1kg de ayuda para el DIF Municipal de Villa de \u00c1lvarez, en punto de las 17:00 horas, en La Petatera.<\/p>\n<p class=\"x_MsoNormal\">Finalmente, el jueves 28, se realizar\u00e1 el Freestyle Motocross a las 17:00 horas en La Petatera.<\/p>\n<p class=\"x_MsoNormal\">Se estar\u00e1 entregando de manera f\u00edsica al Programa General de la Fiestas Charrotaurinas de Villa de Alvarez en las oficinas del Patronato ubicadas en los Terrenos de la Feria o si decian buscarlo en internet en la Pagina de Facebook:\u00a0Patronato de Festejos Charrotaurinos de Villa de \u00c1lvarez\u00a0 Oficial.<\/p>\n<p class=\"x_MsoNormal\"><span style=\"font-family: Arial, sans-serif;\">Las FIestas Charrotaurinas de VIlla de Alvarez son del 8 al 28 de Febrero del 2019.\u00a0<\/span><\/p>\n","protected":false},"excerpt":{"rendered":"<p>*Se privilegi\u00f3 el ambiente familiar para la realizaci\u00f3n de los eventos, se\u00f1al\u00f3 el administrador del patronato, Jorge Fern\u00e1ndez Cerda El Administrador del Patronato de los Festejos Charrotaurinos de Villa de \u00c1lvarez, Ing. Jorge Fern\u00e1ndez Cerda, dio a conocer el programa general de dicho festejo anual Edicion #162, en el que habr\u00e1 dos corridas formales, eventos&#8230;<\/p>\n","protected":false},"author":2,"featured_media":2242,"comment_status":"open","ping_status":"open","sticky":false,"template":"","format":"standard","meta":{"footnotes":""},"categories":[8,42],"tags":[29,30,28],"class_list":["post-2241","post","type-post","status-publish","format-standard","has-post-thumbnail","hentry","category-municipios","category-villa-de-alvarez","tag-grid","tag-news","tag-slider"],"_links":{"self":[{"href":"http:\/\/elobservatorio.com.mx\/index.php?rest_route=\/wp\/v2\/posts\/2241"}],"collection":[{"href":"http:\/\/elobservatorio.com.mx\/index.php?rest_route=\/wp\/v2\/posts"}],"about":[{"href":"http:\/\/elobservatorio.com.mx\/index.php?rest_route=\/wp\/v2\/types\/post"}],"author":[{"embeddable":true,"href":"http:\/\/elobservatorio.com.mx\/index.php?rest_route=\/wp\/v2\/users\/2"}],"replies":[{"embeddable":true,"href":"http:\/\/elobservatorio.com.mx\/index.php?rest_route=%2Fwp%2Fv2%2Fcomments&post=2241"}],"version-history":[{"count":0,"href":"http:\/\/elobservatorio.com.mx\/index.php?rest_route=\/wp\/v2\/posts\/2241\/revisions"}],"wp:featuredmedia":[{"embeddable":true,"href":"http:\/\/elobservatorio.com.mx\/index.php?rest_route=\/wp\/v2\/media\/2242"}],"wp:attachment":[{"href":"http:\/\/elobservatorio.com.mx\/index.php?rest_route=%2Fwp%2Fv2%2Fmedia&parent=2241"}],"wp:term":[{"taxonomy":"category","embeddable":true,"href":"http:\/\/elobservatorio.com.mx\/index.php?rest_route=%2Fwp%2Fv2%2Fcategories&post=2241"},{"taxonomy":"post_tag","embeddable":true,"href":"http:\/\/elobservatorio.com.mx\/index.php?rest_route=%2Fwp%2Fv2%2Ftags&post=2241"}],"curies":[{"name":"wp","href":"https:\/\/api.w.org\/{rel}","templated":true}]}}