{"id":22442,"date":"2022-05-19T15:19:18","date_gmt":"2022-05-19T20:19:18","guid":{"rendered":"http:\/\/elobservatorio.com.mx\/?p=22442"},"modified":"2022-05-19T15:19:18","modified_gmt":"2022-05-19T20:19:18","slug":"gana-udec-oro-en-atletismo-en-la-universiada-nacional-2022","status":"publish","type":"post","link":"http:\/\/elobservatorio.com.mx\/?p=22442","title":{"rendered":"Gana UdeC oro en Atletismo, en la Universiada Nacional 2022"},"content":{"rendered":"<p><em>*Fue el alumno Javier Mart\u00ednez, en los 200 metros planos.<\/em><\/p>\n<p>Este jueves cay\u00f3 la primera presea dorada para la delegaci\u00f3n deportiva de la Universidad de Colima, en la Universiada Nacional 2022 que se realiza en la Universidad Aut\u00f3noma de Ciudad Ju\u00e1rez. La medalla la obtuvo Javier Mart\u00ednez, estudiante de la Facultad de Arquitectura, en los 200 metros planos de la disciplina del Atletismo.<\/p>\n<p>Javier Mart\u00ednez tuvo participaci\u00f3n en los 100 metros planos el d\u00eda de ayer, donde no tuvo la misma suerte y termin\u00f3 en el sexto sitio. Su prueba fuerte son los 200 metros planos, prueba en la que refrend\u00f3 su posici\u00f3n en el ranking nacional, al terminar la competencia en el primer sitio.<\/p>\n<p>Con \u00e9sta, suman ya tres medallas para la UdeC, una de cada metal: plata en judo, bronce en caminata de 20 mil metros y oro en 200 mts planos.<\/p>\n<p>&nbsp;<\/p>\n","protected":false},"excerpt":{"rendered":"<p>*Fue el alumno Javier Mart\u00ednez, en los 200 metros planos. Este jueves cay\u00f3 la primera presea dorada para la delegaci\u00f3n deportiva de la Universidad de Colima, en la Universiada Nacional 2022 que se realiza en la Universidad Aut\u00f3noma de Ciudad Ju\u00e1rez. La medalla la obtuvo Javier Mart\u00ednez, estudiante de la Facultad de Arquitectura, en los&#8230;<\/p>\n","protected":false},"author":2,"featured_media":22443,"comment_status":"open","ping_status":"open","sticky":false,"template":"","format":"standard","meta":{"footnotes":""},"categories":[21,14],"tags":[29,30,28],"class_list":["post-22442","post","type-post","status-publish","format-standard","has-post-thumbnail","hentry","category-deportes","category-educacion-y-cultura","tag-grid","tag-news","tag-slider"],"_links":{"self":[{"href":"http:\/\/elobservatorio.com.mx\/index.php?rest_route=\/wp\/v2\/posts\/22442"}],"collection":[{"href":"http:\/\/elobservatorio.com.mx\/index.php?rest_route=\/wp\/v2\/posts"}],"about":[{"href":"http:\/\/elobservatorio.com.mx\/index.php?rest_route=\/wp\/v2\/types\/post"}],"author":[{"embeddable":true,"href":"http:\/\/elobservatorio.com.mx\/index.php?rest_route=\/wp\/v2\/users\/2"}],"replies":[{"embeddable":true,"href":"http:\/\/elobservatorio.com.mx\/index.php?rest_route=%2Fwp%2Fv2%2Fcomments&post=22442"}],"version-history":[{"count":0,"href":"http:\/\/elobservatorio.com.mx\/index.php?rest_route=\/wp\/v2\/posts\/22442\/revisions"}],"wp:featuredmedia":[{"embeddable":true,"href":"http:\/\/elobservatorio.com.mx\/index.php?rest_route=\/wp\/v2\/media\/22443"}],"wp:attachment":[{"href":"http:\/\/elobservatorio.com.mx\/index.php?rest_route=%2Fwp%2Fv2%2Fmedia&parent=22442"}],"wp:term":[{"taxonomy":"category","embeddable":true,"href":"http:\/\/elobservatorio.com.mx\/index.php?rest_route=%2Fwp%2Fv2%2Fcategories&post=22442"},{"taxonomy":"post_tag","embeddable":true,"href":"http:\/\/elobservatorio.com.mx\/index.php?rest_route=%2Fwp%2Fv2%2Ftags&post=22442"}],"curies":[{"name":"wp","href":"https:\/\/api.w.org\/{rel}","templated":true}]}}