{"id":22445,"date":"2022-05-19T15:48:37","date_gmt":"2022-05-19T20:48:37","guid":{"rendered":"http:\/\/elobservatorio.com.mx\/?p=22445"},"modified":"2022-05-19T15:48:37","modified_gmt":"2022-05-19T20:48:37","slug":"nina-o-nino-al-que-se-vulneren-sus-derechos-recibira-atencion-del-municipio-tey-gutierrez","status":"publish","type":"post","link":"http:\/\/elobservatorio.com.mx\/?p=22445","title":{"rendered":"Ni\u00f1a o ni\u00f1o al que se vulneren sus derechos recibir\u00e1 atenci\u00f3n del municipio: Tey Guti\u00e9rrez"},"content":{"rendered":"<p class=\"x_gmail-MsoNoSpacing\"><em>*Instalan el Sistema de Protecci\u00f3n Integral de Ni\u00f1as, Ni\u00f1os y Adolescentes de Villa de \u00c1lvarez<\/em><\/p>\n<p class=\"x_gmail-MsoNoSpacing\"><b>\u00a0<\/b><b>Villa de \u00c1lvarez, Col.-\u00a0<\/b>En la Instalaci\u00f3n del Sistema de Protecci\u00f3n Integral de Ni\u00f1as, Ni\u00f1os y Adolescentes (SIPINNA) de Villa de \u00c1lvarez, la Alcaldesa Tey Guti\u00e9rrez Andrade asumi\u00f3 el compromiso de que ning\u00fan menor de edad al que se vulneren sus derechos, quedar\u00e1 sin recibir la atenci\u00f3n del municipio.<\/p>\n<p class=\"x_gmail-MsoNoSpacing\">\u201cEmpe\u00f1o mi palabra: ninguna ni\u00f1a, ni\u00f1o o adolescente se quedar\u00e1 sin recibir la atenci\u00f3n del municipio si llega a ser vulnerado alguno de sus derechos\u201d, dijo la Presidenta Municipal.<\/p>\n<p class=\"x_gmail-MsoNoSpacing\">Tey Guti\u00e9rrez les coment\u00f3 a la Secretaria Ejecutiva del SIPINNA Villa de \u00c1lvarez, Marisela Cruz, y a Esperanza P\u00e9rez, Procuradora Municipal de Ni\u00f1as, Ni\u00f1os y Adolescentes, que la ni\u00f1ez del municipio\u00a0 no puede esperar, ante ello les pidi\u00f3 que al momento que requieran la atenci\u00f3n por una situaci\u00f3n de vulnerabilidad, \u201ctenemos que estar al 100 por ciento para defender sus derechos\u201d.<\/p>\n<p class=\"x_gmail-MsoNoSpacing\">Inform\u00f3 que para junio est\u00e1 prevista la visita del Doctor en Derecho Faustino Guerrero Posadas, abogado de prestigio nacional,\u00a0 para impartir a los integrantes del SIPINNA una capacitaci\u00f3n con enfoque en los derechos humanos de ni\u00f1as, ni\u00f1os y adolescentes, as\u00ed como la protocolizaci\u00f3n que se debe seguir como primer respondiente en la integraci\u00f3n de la carpeta\u00a0 de investigaci\u00f3n, en caso\u00a0 de ser necesaria.<\/p>\n<p class=\"x_gmail-MsoNoSpacing\">Leah Michel\u00a0 Lucas, Presidenta Municipal en el Cabildo Infantil, dijo que no obstante la Convenci\u00f3n de los Derechos del Ni\u00f1o, firmada por 193 pa\u00edses, se aprob\u00f3 hace 33 a\u00f1os el 20 de noviembre de 1989, sigue habiendo\u00a0 muchos ni\u00f1os que no pueden ir a la escuela ni al m\u00e9dico, sufren guerras y epidemias y algunos no pueden estar con sus padres.<\/p>\n<p class=\"x_gmail-MsoNoSpacing\">Manifest\u00f3 que ella y otras ni\u00f1as y ni\u00f1os, le har\u00e1n saber a las personas dedicadas a la pol\u00edtica, a los medios de comunicaci\u00f3n y a la sociedad en general, \u201cque sabemos que tenemos derechos y queremos que sigan trabajando para que todos los ni\u00f1os del mundo los tengan\u201d.<\/p>\n<p class=\"x_gmail-MsoNoSpacing\">En la sesi\u00f3n de instalaci\u00f3n del Sistema de Protecci\u00f3n Integral de Ni\u00f1as, Ni\u00f1os y Adolescentes de Villa de \u00c1lvarez asistieron Maxi Loren Ventura, Secretaria Ejecutiva el SIPINNA en el Estado de Colima; el S\u00edndico Jos\u00e9 Santos Dolores, Regidoras, Regidores, integrantes del Cabildo Infantil y funcionarias y funcionarios estatales y municipales.<\/p>\n","protected":false},"excerpt":{"rendered":"<p>*Instalan el Sistema de Protecci\u00f3n Integral de Ni\u00f1as, Ni\u00f1os y Adolescentes de Villa de \u00c1lvarez \u00a0Villa de \u00c1lvarez, Col.-\u00a0En la Instalaci\u00f3n del Sistema de Protecci\u00f3n Integral de Ni\u00f1as, Ni\u00f1os y Adolescentes (SIPINNA) de Villa de \u00c1lvarez, la Alcaldesa Tey Guti\u00e9rrez Andrade asumi\u00f3 el compromiso de que ning\u00fan menor de edad al que se vulneren sus&#8230;<\/p>\n","protected":false},"author":2,"featured_media":22446,"comment_status":"open","ping_status":"open","sticky":false,"template":"","format":"standard","meta":{"footnotes":""},"categories":[8,42],"tags":[29,30,28],"class_list":["post-22445","post","type-post","status-publish","format-standard","has-post-thumbnail","hentry","category-municipios","category-villa-de-alvarez","tag-grid","tag-news","tag-slider"],"_links":{"self":[{"href":"http:\/\/elobservatorio.com.mx\/index.php?rest_route=\/wp\/v2\/posts\/22445"}],"collection":[{"href":"http:\/\/elobservatorio.com.mx\/index.php?rest_route=\/wp\/v2\/posts"}],"about":[{"href":"http:\/\/elobservatorio.com.mx\/index.php?rest_route=\/wp\/v2\/types\/post"}],"author":[{"embeddable":true,"href":"http:\/\/elobservatorio.com.mx\/index.php?rest_route=\/wp\/v2\/users\/2"}],"replies":[{"embeddable":true,"href":"http:\/\/elobservatorio.com.mx\/index.php?rest_route=%2Fwp%2Fv2%2Fcomments&post=22445"}],"version-history":[{"count":0,"href":"http:\/\/elobservatorio.com.mx\/index.php?rest_route=\/wp\/v2\/posts\/22445\/revisions"}],"wp:featuredmedia":[{"embeddable":true,"href":"http:\/\/elobservatorio.com.mx\/index.php?rest_route=\/wp\/v2\/media\/22446"}],"wp:attachment":[{"href":"http:\/\/elobservatorio.com.mx\/index.php?rest_route=%2Fwp%2Fv2%2Fmedia&parent=22445"}],"wp:term":[{"taxonomy":"category","embeddable":true,"href":"http:\/\/elobservatorio.com.mx\/index.php?rest_route=%2Fwp%2Fv2%2Fcategories&post=22445"},{"taxonomy":"post_tag","embeddable":true,"href":"http:\/\/elobservatorio.com.mx\/index.php?rest_route=%2Fwp%2Fv2%2Ftags&post=22445"}],"curies":[{"name":"wp","href":"https:\/\/api.w.org\/{rel}","templated":true}]}}