{"id":22496,"date":"2022-05-27T02:51:57","date_gmt":"2022-05-27T07:51:57","guid":{"rendered":"http:\/\/elobservatorio.com.mx\/?p=22496"},"modified":"2022-05-27T02:51:57","modified_gmt":"2022-05-27T07:51:57","slug":"estudiantes-de-economia-dan-consultoria-a-microempresas-colimenses","status":"publish","type":"post","link":"http:\/\/elobservatorio.com.mx\/?p=22496","title":{"rendered":"Estudiantes de Econom\u00eda dan consultor\u00eda a microempresas colimenses"},"content":{"rendered":"<p><em>*\u201cTenemos la oportunidad de tenerlos en la escuela, pero tambi\u00e9n queremos tener la oportunidad de darles un primer empleo\u201d: Jos\u00e9 Manuel Orozco, director de la Facultad de Econom\u00eda.<\/em><\/p>\n<p>La Facultad de Econom\u00eda de la Universidad de Colima llev\u00f3 a cabo el \u201cPrimer Concurso estudiantil de P\u00f3ster sobre consultor\u00eda a microempresarias colimenses\u201d, a cargo de las acad\u00e9micas Claudia Marcela Prano Meza y Norma Ang\u00e9lica Verduzco Ceballos, quienes junto con consultores externos evaluaron el diagn\u00f3stico y las estrategias que los estudiantes realizaron a microempresas colimenses.<\/p>\n<p>La idea de este concurso es evaluar c\u00f3mo los estudiantes desarrollaron su proyecto de consultor\u00eda, como parte de la materia \u201cAdministraci\u00f3n estrat\u00e9gica\u201d. En este sentido, la acad\u00e9mica Claudia Marcela Prano coment\u00f3 que la idea fue que, desde la primera semana del semestre, \u201clos estudiantes eligieran una empresa, realizaran el diagn\u00f3stico, desarrollaran una estrategia a implementar y sobre eso hicieron peque\u00f1as pr\u00e1cticas, hasta esta evaluaci\u00f3n\u201d.<\/p>\n<p>En este primer concurso de p\u00f3ster participaron 18 equipos del sexto semestre, quienes trabajaron con microempresarias de Tecom\u00e1n, Armer\u00eda, Manzanillo, Colima y Villa de \u00c1lvarez; \u201calgo de lo que nos aseguramos es que las empresarias tuvieran mucha disponibilidad con los estudiantes para reunirse por lo menos una vez por la semana. Muchos de ellos hicieron el trabajo con sus mam\u00e1s, con sus hermanas y negocios, que son de las alumnas, esto no s\u00f3lo ayuda a las mejoras de las empresas, sino a que crezca el negocio familiar o el personal\u201d, dijo Prano Meza.<\/p>\n<p>Jos\u00e9 Manuel Orozco Plascencia, director de la Facultad de Econom\u00eda, comparti\u00f3 que es importante para ellos dar a los estudiantes la oportunidad de buscar \u00e1reas en las que puedan laborar antes de su egreso, \u201ctenemos la oportunidad de tenerlos en la escuela, pero tambi\u00e9n queremos tener la oportunidad de darles un primer empleo; esta parte no es tan sencilla, pero estamos pensando c\u00f3mo podemos hacerlo\u201d.<\/p>\n<p>\u201cYa no estamos esperando a que cuando egresen encuentren el primer empleo -a\u00f1adi\u00f3-, la idea es que se incorporen al sector p\u00fablico, privado y social y es importante que tengan esa oportunidad. La pandemia nos dio la oportunidad de tener muchos estudiantes trabajando y seguimos apostando por ello\u201d.<\/p>\n<p>Ana Cristina Ballesteros Espino, Jorge de O Alvarado y Rosario Guadalupe Ballesteros Espino fueron los expertos invitados a evaluar las microempresas, que hubo de varios tipos: de ventas de productos comestibles, agencia de renta de mueble y servicios de belleza, entre otros.<\/p>\n<p>En esta primera edici\u00f3n, el equipo ganador fue \u201cThe shoes Boutique\u201d, una empresa que le da oportunidad a la due\u00f1a de dise\u00f1ar los zapatos de sus clientas a trav\u00e9s de un cat\u00e1logo virtual.<\/p>\n<p>&nbsp;<\/p>\n","protected":false},"excerpt":{"rendered":"<p>*\u201cTenemos la oportunidad de tenerlos en la escuela, pero tambi\u00e9n queremos tener la oportunidad de darles un primer empleo\u201d: Jos\u00e9 Manuel Orozco, director de la Facultad de Econom\u00eda. La Facultad de Econom\u00eda de la Universidad de Colima llev\u00f3 a cabo el \u201cPrimer Concurso estudiantil de P\u00f3ster sobre consultor\u00eda a microempresarias colimenses\u201d, a cargo de las&#8230;<\/p>\n","protected":false},"author":2,"featured_media":22497,"comment_status":"open","ping_status":"open","sticky":false,"template":"","format":"standard","meta":{"footnotes":""},"categories":[14],"tags":[29,30,28],"class_list":["post-22496","post","type-post","status-publish","format-standard","has-post-thumbnail","hentry","category-educacion-y-cultura","tag-grid","tag-news","tag-slider"],"_links":{"self":[{"href":"http:\/\/elobservatorio.com.mx\/index.php?rest_route=\/wp\/v2\/posts\/22496"}],"collection":[{"href":"http:\/\/elobservatorio.com.mx\/index.php?rest_route=\/wp\/v2\/posts"}],"about":[{"href":"http:\/\/elobservatorio.com.mx\/index.php?rest_route=\/wp\/v2\/types\/post"}],"author":[{"embeddable":true,"href":"http:\/\/elobservatorio.com.mx\/index.php?rest_route=\/wp\/v2\/users\/2"}],"replies":[{"embeddable":true,"href":"http:\/\/elobservatorio.com.mx\/index.php?rest_route=%2Fwp%2Fv2%2Fcomments&post=22496"}],"version-history":[{"count":0,"href":"http:\/\/elobservatorio.com.mx\/index.php?rest_route=\/wp\/v2\/posts\/22496\/revisions"}],"wp:featuredmedia":[{"embeddable":true,"href":"http:\/\/elobservatorio.com.mx\/index.php?rest_route=\/wp\/v2\/media\/22497"}],"wp:attachment":[{"href":"http:\/\/elobservatorio.com.mx\/index.php?rest_route=%2Fwp%2Fv2%2Fmedia&parent=22496"}],"wp:term":[{"taxonomy":"category","embeddable":true,"href":"http:\/\/elobservatorio.com.mx\/index.php?rest_route=%2Fwp%2Fv2%2Fcategories&post=22496"},{"taxonomy":"post_tag","embeddable":true,"href":"http:\/\/elobservatorio.com.mx\/index.php?rest_route=%2Fwp%2Fv2%2Ftags&post=22496"}],"curies":[{"name":"wp","href":"https:\/\/api.w.org\/{rel}","templated":true}]}}