{"id":22563,"date":"2022-05-30T20:35:35","date_gmt":"2022-05-31T01:35:35","guid":{"rendered":"http:\/\/elobservatorio.com.mx\/?p=22563"},"modified":"2022-05-30T20:35:35","modified_gmt":"2022-05-31T01:35:35","slug":"paro-nacional-de-transportistas-31-de-mayo-y-1-de-junio-con-cierre-total-de-circulacion","status":"publish","type":"post","link":"http:\/\/elobservatorio.com.mx\/?p=22563","title":{"rendered":"Paro nacional de transportistas 31 de mayo y 1 de junio, con cierre total de circulaci\u00f3n"},"content":{"rendered":"<p>Debido a que no existe respuesta de parte del Gobierno Federal y Estatal, este 31 de mayo y primero de junio, la Alianza Mexicana de Organizaciones de Transportistas (Amotac) llevar\u00e1 a cabo un paro nacional en las principales carreteras y autopistas del pa\u00eds, inform\u00f3 el Delegado y Consejero Nacional de la Amotac, Valent\u00edn Romero Trujillo, quien agreg\u00f3 que en este paro no habr\u00e1 circulaci\u00f3n vehicular y ser\u00e1 un cierre total a las v\u00edas de comunicaci\u00f3n.<\/p>\n<p>\u00abEl pr\u00f3ximo paro que tenemos son el 31 de mayo y d\u00eda pionero de junio, son dos d\u00edas que tendremos de paro nacional, ahora sino vamos a dejar pasar a nadie, va ser un paro porque no hemos tenido respuesta de los Gobiernos tanto estatales, municipales y federales\u00bb.<\/p>\n<p>Asegur\u00f3 que los aumentos a las refacciones, a los combustibles y a la canasta b\u00e1sica est\u00e1 liquidando al hombre-cami\u00f3n.<\/p>\n<p>\u00abNos est\u00e1n perjudicando mucho, tal parece que al Gobierno no le interesa el Pueblo Mexicano y ya se lleg\u00f3 un acuerdo, nos vamos a paro nacional este 31 de mayo y primero de junio\u00bb.<\/p>\n<p>Subray\u00f3 que el paro nacional que se llev\u00f3 a cabo el pasado 22 de marzo del presente, no tuvo la respuesta de ellos esperaban, ya que no ha habido ninguna respuesta del Gobierno.<\/p>\n<p>Inform\u00f3 que durante la visita del Gobernador Cuitl\u00e1huac Garc\u00eda Jim\u00e9nez al municipio de Acultzingo, le entreg\u00f3 un documento donde se le solicita una reuni\u00f3n para tocar puntos importantes.<\/p>\n<p>\u00abLos principales, exigimos m\u00e1s seguridad en carreteras, el tema de la caseta 045 de Fort\u00edn, en campa\u00f1a el gobernador asegur\u00f3 que buscar\u00eda quitarla; las carreteras en p\u00e9simas condiciones, se pagan casetas muy caras incluyendo los seguros, sinceramente no estamos de acuerdo\u00bb, coment\u00f3.<\/p>\n<p>Dijo que tambi\u00e9n quieren hablar con el gobernador por las extorsiones que han sido objeto por parte de algunos elementos de Tr\u00e1nsito tanto Municipal como Estatal, situaci\u00f3n que se ha convertido insostenible.<\/p>\n<p>Romero Trujillo, se\u00f1al\u00f3 que en caso de no obtener una reuni\u00f3n tanto con el Gobierno Federal como Estatal para manifestarles los puntos ya expuestos, que no s\u00f3lo benefician al hombre cami\u00f3n sino a todos los mexicanos, se ir\u00e1n dos d\u00edas de paro nacional sin dejar pasar a nadie.<\/p>\n<p>Por \u00faltimo y cuestionado sobre los tramos carreteros m\u00e1s peligrosos para el transporte de carga, el Delegado y Consejero Nacional de la Amotac afirm\u00f3 que todos los tramos carreteros del pa\u00eds se han vuelto peligrosos.<\/p>\n<p>\u00abLos tramos peligrosos ya son a nivel nacional, ya no tenemos uno en espec\u00edfico, en el Estado (Veracruz) tenemos desde San Mart\u00edn Texmelucan hasta Cosamaloapan y Acayucan, sinceramente ya todo est\u00e1 peligroso, todo est\u00e1 igual y seguimos igual de peligroso incluyendo las Cumbres de Maltrata l\u00edmites con Puebla\u00bb.<\/p>\n","protected":false},"excerpt":{"rendered":"<p>Debido a que no existe respuesta de parte del Gobierno Federal y Estatal, este 31 de mayo y primero de junio, la Alianza Mexicana de Organizaciones de Transportistas (Amotac) llevar\u00e1 a cabo un paro nacional en las principales carreteras y autopistas del pa\u00eds, inform\u00f3 el Delegado y Consejero Nacional de la Amotac, Valent\u00edn Romero Trujillo,&#8230;<\/p>\n","protected":false},"author":2,"featured_media":22564,"comment_status":"open","ping_status":"open","sticky":false,"template":"","format":"standard","meta":{"footnotes":""},"categories":[12],"tags":[29,30,28],"class_list":["post-22563","post","type-post","status-publish","format-standard","has-post-thumbnail","hentry","category-sociedad","tag-grid","tag-news","tag-slider"],"_links":{"self":[{"href":"http:\/\/elobservatorio.com.mx\/index.php?rest_route=\/wp\/v2\/posts\/22563"}],"collection":[{"href":"http:\/\/elobservatorio.com.mx\/index.php?rest_route=\/wp\/v2\/posts"}],"about":[{"href":"http:\/\/elobservatorio.com.mx\/index.php?rest_route=\/wp\/v2\/types\/post"}],"author":[{"embeddable":true,"href":"http:\/\/elobservatorio.com.mx\/index.php?rest_route=\/wp\/v2\/users\/2"}],"replies":[{"embeddable":true,"href":"http:\/\/elobservatorio.com.mx\/index.php?rest_route=%2Fwp%2Fv2%2Fcomments&post=22563"}],"version-history":[{"count":0,"href":"http:\/\/elobservatorio.com.mx\/index.php?rest_route=\/wp\/v2\/posts\/22563\/revisions"}],"wp:featuredmedia":[{"embeddable":true,"href":"http:\/\/elobservatorio.com.mx\/index.php?rest_route=\/wp\/v2\/media\/22564"}],"wp:attachment":[{"href":"http:\/\/elobservatorio.com.mx\/index.php?rest_route=%2Fwp%2Fv2%2Fmedia&parent=22563"}],"wp:term":[{"taxonomy":"category","embeddable":true,"href":"http:\/\/elobservatorio.com.mx\/index.php?rest_route=%2Fwp%2Fv2%2Fcategories&post=22563"},{"taxonomy":"post_tag","embeddable":true,"href":"http:\/\/elobservatorio.com.mx\/index.php?rest_route=%2Fwp%2Fv2%2Ftags&post=22563"}],"curies":[{"name":"wp","href":"https:\/\/api.w.org\/{rel}","templated":true}]}}