{"id":22570,"date":"2022-05-30T21:18:55","date_gmt":"2022-05-31T02:18:55","guid":{"rendered":"http:\/\/elobservatorio.com.mx\/?p=22570"},"modified":"2022-05-30T21:18:55","modified_gmt":"2022-05-31T02:18:55","slug":"monica-lavin-y-bernardo-ruiz-maestros-universitarios-distinguidos-de-la-udec","status":"publish","type":"post","link":"http:\/\/elobservatorio.com.mx\/?p=22570","title":{"rendered":"M\u00f3nica Lav\u00edn y Bernardo Ruiz, Maestros Universitarios Distinguidos de la UdeC"},"content":{"rendered":"<p><em>*\u201cCon este acto agradecemos los m\u00e9ritos de sus intervenciones en nuestros espacios, que han influido en el ser y hacer de escritores, estudiantes, egresados y directivos de la instituci\u00f3n\u201d: Christian Torres-Ortiz, rector.<\/em><\/p>\n<p>Este lunes, en ceremonia solemne realizada en el Sal\u00f3n del Vitral de la Pinacoteca, la Universidad de Colima reconoci\u00f3 como Maestra y Maestro Universitario Distinguido a la escritora M\u00f3nica Lav\u00edn y al escritor Bernado Ruiz, por sus ricas trayectorias en la ciencia, la academia, la creaci\u00f3n literaria y el periodismo, por apoyar a escritores, estudiantes y egresados de la UdeC y por fomentar el valor de la literatura y el desarrollo humano.<\/p>\n<p>En este evento, con el cual concluyen las actividades de la XXIV Jornada del Libro Universitario \u201cAltexto 2022\u201d, el rector Christian Jorge Torres Ortiz Zerme\u00f1o se\u00f1al\u00f3 que Altexto \u201ces el marco id\u00f3neo para reconocer la fruct\u00edfera relaci\u00f3n de los dos homenajeados con nuestra comunidad, ya sea formando nuevos autores, generando v\u00ednculos para el desarrollo de actividades acad\u00e9micas o apoyando la divulgaci\u00f3n de nuevos conocimientos\u201d.<\/p>\n<p>Como parte de la naturaleza humanista de la Universidad, continu\u00f3, \u201creconocemos que nuestra historia se construye con las aportaciones individuales, con el trabajo constante de quienes aqu\u00ed interactuamos, y se enriquece con las intervenciones externas que detonan la renovaci\u00f3n y el cambio, historias en las que se inscriben las contribuciones que ambos literatos han aportado por m\u00e1s de dos d\u00e9cadas a nuestra instituci\u00f3n\u201d.<\/p>\n<p>El acercamiento a las letras, a\u00f1adi\u00f3 el rector, \u201ces una de las mejores maneras de ense\u00f1ar valores universales, abrir oportunidades de aprendizaje y fomentar el desarrollo del pensamiento, sobre todo en estos momentos de crisis en m\u00faltiples frentes de la sociedad, en que requerimos mayores recursos de sensibilizaci\u00f3n frente a nuestras realidades\u201d.<\/p>\n<p>Con el nombramiento de Maestros Universitarios Distinguidos, dijo por \u00faltimo el rector, \u201cagradecemos los m\u00e9ritos de sus intervenciones en nuestros espacios, las cuales han influido en el ser y hacer de escritores, estudiantes, egresados y directivos de la instituci\u00f3n\u201d.<\/p>\n<p>La lectura de los acuerdos por los que la Universidad otorga estos nombramientos estuvo a cargo del secretario general de la instituci\u00f3n, Joel Nino, quien destac\u00f3 que en ambos casos se trata de \u201cun reconocimiento a su trascendental trayectoria en ciencia, academia, creaci\u00f3n literaria y periodismo, que les ha vinculado en los procesos formativos de escritores, estudiantes y egresados de nuestra universidad, fomentando as\u00ed el valor de la literatura y el desarrollo humano\u201d.<\/p>\n<p>La escritora colimense Guillermina Cuevas Pe\u00f1a, en un texto entra\u00f1able, ofreci\u00f3 una semblanza de la escritora M\u00f3nica Lav\u00edn, a quien conoci\u00f3 cuando la hoy homenajeada recibi\u00f3 el Premio Narrativa Colima por Obra Publicada en el a\u00f1o 2001, en la Facultad de Letras y Comunicaci\u00f3n: \u201cElla escribe del gozo y el placer, de la tristeza y el dolor, de la injusticia y la felicidad, del rechazo y la esperanza, de la cocina de Sor Juana, de los viajes y los paseos y de la posibilidad del amor y sus imperfecciones\u201d.<\/p>\n<p>En su mensaje, M\u00f3nica Lav\u00edn dijo tener una larga relaci\u00f3n de afecto con la UdeC y con Colima: \u201cYa son dos d\u00e9cadas desde que se me otorg\u00f3 el Premio Narrativa Colima, premio creado por la Universidad de Colima, que lleg\u00f3 para quedarse y del cual tengo el honor de formar parte\u201d<\/p>\n<p>Y agreg\u00f3: \u201cLos maestros que acompa\u00f1amos a la creaci\u00f3n literaria seguimos haci\u00e9ndolo como los pintores en el renacimiento o los escultores en su taller: compartiendo experiencia y emoci\u00f3n; nosotros frente al texto. Desde el coraz\u00f3n y la t\u00e9cnica, desde la certeza de que somos aprendices y que ser maestro es una forma de aprendizaje permanente\u201d.<\/p>\n<p>\u201cS\u00e9 -concluy\u00f3- que los estudiantes de esta casa universitaria reconocen el valor de una universidad que otorga un premio a la narrativa nacional, que fomenta la lectura y la posibilidad de expresarse con altura, v\u00eda la palabra escrita. Me alegro de formar parte de ello; me emociona profundamente este nombramiento porque con \u00e9l se honra a quienes nos han formado y nos siguen formando: tanto maestros como estudiantes\u201d.<\/p>\n<p>El encargado de leer una semblanza del escritor Bernardo Javier Ruiz L\u00f3pez fue Carlos Ram\u00edrez Vuelvas, coordinador general de Extensi\u00f3n, quien destac\u00f3 su trayectoria como escritor, maestro de literatura e intelectual: \u201cEs autor de ocho libros de cuentos, ocho de poes\u00eda, dos de ensayo y cinco novelas, adem\u00e1s de traducciones, obras teatrales, antolog\u00edas y autobiograf\u00edas, adem\u00e1s de un gran gestor cultural\u201d.<\/p>\n<p>Por \u00faltimo Bernardo Ruiz, en su mensaje de agradecimiento, dijo: \u201cEs un honor recibir este reconocimiento en el marco del contexto que se otorga entre colegas del oficio, lo cual, para un escritor, editor y universitario es una noble versi\u00f3n del para\u00edso y, ante todo, la consumaci\u00f3n de un privilegio, porque estar en posibilidad de acompa\u00f1arse con un libro ofrece, en mi caso, un sentimiento de salvaci\u00f3n\u201d.<\/p>\n<p>\u201cHe dedicado buena parte de mi vida a ense\u00f1ar; la vida ha sido generosa conmigo y he querido dejar algo de m\u00ed en los dem\u00e1s. Ninguno de nosotros desea pasar inadvertido; en algo deseamos dejar nuestra huella para que nos recuerden, por ello jam\u00e1s olvidar\u00e9 este d\u00eda en Colima. Me llevo a ustedes en mi recuerdo y mi cari\u00f1o; les quedo sumamente agradecido por esta distinci\u00f3n con que me honran\u201d, concluy\u00f3.<\/p>\n<p>Entre los asistentes a la ceremonia estuvieron los ex rectores Carlos Salazar, Ram\u00f3n Cedillo y Eduardo Hern\u00e1ndez, Blanca Liliana D\u00edaz, presidenta del Voluntariado, as\u00ed como la l\u00edder y los l\u00edderes de los sectores universitarios, adem\u00e1s de coordinadoras, coordinadores, delegada y delegados y directivos de esta casa de estudios.<\/p>\n","protected":false},"excerpt":{"rendered":"<p>*\u201cCon este acto agradecemos los m\u00e9ritos de sus intervenciones en nuestros espacios, que han influido en el ser y hacer de escritores, estudiantes, egresados y directivos de la instituci\u00f3n\u201d: Christian Torres-Ortiz, rector. Este lunes, en ceremonia solemne realizada en el Sal\u00f3n del Vitral de la Pinacoteca, la Universidad de Colima reconoci\u00f3 como Maestra y Maestro&#8230;<\/p>\n","protected":false},"author":2,"featured_media":22571,"comment_status":"open","ping_status":"open","sticky":false,"template":"","format":"standard","meta":{"footnotes":""},"categories":[14],"tags":[29,30,28],"class_list":["post-22570","post","type-post","status-publish","format-standard","has-post-thumbnail","hentry","category-educacion-y-cultura","tag-grid","tag-news","tag-slider"],"_links":{"self":[{"href":"http:\/\/elobservatorio.com.mx\/index.php?rest_route=\/wp\/v2\/posts\/22570"}],"collection":[{"href":"http:\/\/elobservatorio.com.mx\/index.php?rest_route=\/wp\/v2\/posts"}],"about":[{"href":"http:\/\/elobservatorio.com.mx\/index.php?rest_route=\/wp\/v2\/types\/post"}],"author":[{"embeddable":true,"href":"http:\/\/elobservatorio.com.mx\/index.php?rest_route=\/wp\/v2\/users\/2"}],"replies":[{"embeddable":true,"href":"http:\/\/elobservatorio.com.mx\/index.php?rest_route=%2Fwp%2Fv2%2Fcomments&post=22570"}],"version-history":[{"count":0,"href":"http:\/\/elobservatorio.com.mx\/index.php?rest_route=\/wp\/v2\/posts\/22570\/revisions"}],"wp:featuredmedia":[{"embeddable":true,"href":"http:\/\/elobservatorio.com.mx\/index.php?rest_route=\/wp\/v2\/media\/22571"}],"wp:attachment":[{"href":"http:\/\/elobservatorio.com.mx\/index.php?rest_route=%2Fwp%2Fv2%2Fmedia&parent=22570"}],"wp:term":[{"taxonomy":"category","embeddable":true,"href":"http:\/\/elobservatorio.com.mx\/index.php?rest_route=%2Fwp%2Fv2%2Fcategories&post=22570"},{"taxonomy":"post_tag","embeddable":true,"href":"http:\/\/elobservatorio.com.mx\/index.php?rest_route=%2Fwp%2Fv2%2Ftags&post=22570"}],"curies":[{"name":"wp","href":"https:\/\/api.w.org\/{rel}","templated":true}]}}