{"id":22573,"date":"2022-05-30T21:48:24","date_gmt":"2022-05-31T02:48:24","guid":{"rendered":"http:\/\/elobservatorio.com.mx\/?p=22573"},"modified":"2022-05-30T21:48:24","modified_gmt":"2022-05-31T02:48:24","slug":"desarrolla-udec-proyecto-de-educacion-dual","status":"publish","type":"post","link":"http:\/\/elobservatorio.com.mx\/?p=22573","title":{"rendered":"Desarrolla UdeC proyecto de educaci\u00f3n dual"},"content":{"rendered":"<p><em>*El rector Christian Torres Ortiz abord\u00f3 este tema y su participaci\u00f3n en el encuentro nacional del CUPIA, celebrado hace unos d\u00edas en Aguascalientes, en el programa de radio Rector\u00eda en frecuencia.<\/em><\/p>\n<p>Dos temas abord\u00f3 este lunes el rector de la Universidad de Colima, Dr. Christian Jorge Torres Ortiz Zerme\u00f1o en el programa <em>Rector\u00eda en frecuencia<\/em>, que cumpli\u00f3 ya un a\u00f1o al aire: su asistencia a la reuni\u00f3n del CUPIA celebrada la semana pasada en Aguascalientes y la importancia cada vez mayor que tiene la feria del libro universitario Altexto, que este a\u00f1o lleg\u00f3 a su edici\u00f3n n\u00famero veinticuatro.<\/p>\n<p>Destac\u00f3, adem\u00e1s, la importancia de mantener una comunicaci\u00f3n directa, tanto al interior como fuera del contexto universitario, del quehacer cotidiano de la Universidad a trav\u00e9s de este programa, en el que informa sobre las actividades de inter\u00e9s p\u00fablico que realiza al frente de esta casa de estudios.<\/p>\n<p>Coment\u00f3 que la reuni\u00f3n del Consejo de Universidades P\u00fablicas e Instituciones Afines (CUPIA), celebrada en la ciudad de Aguascalientes, finalmente volvi\u00f3 a ser presencial en su mayor parte, luego de dos a\u00f1os de virtualidad; \u201cestas reuniones, a la que acuden rectores de universidades p\u00fablicas y privadas, as\u00ed como directores de institutos tecnol\u00f3gicos, permiten tener una visi\u00f3n completa de lo que est\u00e1 pasando con la educaci\u00f3n superior en el pa\u00eds y del trabajo que desarrolla cada una de las instituciones participantes\u201d.<\/p>\n<p>Tambi\u00e9n dijo que es la oportunidad de escuchar y convivir con funcionarios como el Dr. Francisco Luciano Concheiro B\u00f3rquez, subsecretario de Educaci\u00f3n Superior o la Dra. Carmen\u00a0 Rodr\u00edguez Armenta directora general de Educaci\u00f3n Superior Universitaria, ambos de la Secretar\u00eda de Educaci\u00f3n P\u00fablica.<\/p>\n<p>De entre los temas abordados en dicha reuni\u00f3n, por su importancia, toc\u00f3 el de la educaci\u00f3n dual, una modalidad educativa en el bachillerato, donde los y las j\u00f3venes, a la vez que estudian en un aula normal, lo hacen tambi\u00e9n de manera pr\u00e1ctica en una industria o empresa, algo que ya casi es una realidad en el Bachillerato 11 de Minatitl\u00e1n.<\/p>\n<p>La Universidad, agreg\u00f3, \u201cinevitablemente va a entrar en el tema de la educaci\u00f3n dual, porque los contextos est\u00e1n demandando cierto tipo de formaciones o capacidades, y lo que hemos podido detectar es que se est\u00e1n acercando a la Universidad de Colima, m\u00e1s que a un instituto tecnol\u00f3gico, porque en las regiones del estado donde hay esta necesidad tenemos un bachillerato, y eso es lo que establece una diferencia\u201d<\/p>\n<p>Adem\u00e1s, dijo, \u201cdesde los bachilleratos se puede detectar el vocacionamiento natural de cada municipio, y a la Universidad le permitir\u00eda replantear las opciones t\u00e9cnicas que tiene en cada preparatoria y adecuarlas a la necesidad que presente el sector productivo\u201d.<\/p>\n<p>Otro tema que se trat\u00f3 durante la reuni\u00f3n del CUIPA fue el de los profesores por asignatura, \u201cque en las instituciones de educaci\u00f3n superior del pa\u00eds son el grupo que representa el mayor porcentaje de quienes atienden la docencia y para los cuales se buscan ciertos esquemas de apoyos\u201d.<\/p>\n<p>Al hablar sobre Altexto 2022, dijo que este a\u00f1o hubo actividades en todos los campus de la instituci\u00f3n y que los estudiantes, desde el bachillerato hasta el posgrado disfrutaron de los eventos que se prepararon para esta fiesta de los libros.<\/p>\n<p>&nbsp;<\/p>\n","protected":false},"excerpt":{"rendered":"<p>*El rector Christian Torres Ortiz abord\u00f3 este tema y su participaci\u00f3n en el encuentro nacional del CUPIA, celebrado hace unos d\u00edas en Aguascalientes, en el programa de radio Rector\u00eda en frecuencia. Dos temas abord\u00f3 este lunes el rector de la Universidad de Colima, Dr. Christian Jorge Torres Ortiz Zerme\u00f1o en el programa Rector\u00eda en frecuencia,&#8230;<\/p>\n","protected":false},"author":2,"featured_media":22574,"comment_status":"open","ping_status":"open","sticky":false,"template":"","format":"standard","meta":{"footnotes":""},"categories":[14],"tags":[29,30,28],"class_list":["post-22573","post","type-post","status-publish","format-standard","has-post-thumbnail","hentry","category-educacion-y-cultura","tag-grid","tag-news","tag-slider"],"_links":{"self":[{"href":"http:\/\/elobservatorio.com.mx\/index.php?rest_route=\/wp\/v2\/posts\/22573"}],"collection":[{"href":"http:\/\/elobservatorio.com.mx\/index.php?rest_route=\/wp\/v2\/posts"}],"about":[{"href":"http:\/\/elobservatorio.com.mx\/index.php?rest_route=\/wp\/v2\/types\/post"}],"author":[{"embeddable":true,"href":"http:\/\/elobservatorio.com.mx\/index.php?rest_route=\/wp\/v2\/users\/2"}],"replies":[{"embeddable":true,"href":"http:\/\/elobservatorio.com.mx\/index.php?rest_route=%2Fwp%2Fv2%2Fcomments&post=22573"}],"version-history":[{"count":0,"href":"http:\/\/elobservatorio.com.mx\/index.php?rest_route=\/wp\/v2\/posts\/22573\/revisions"}],"wp:featuredmedia":[{"embeddable":true,"href":"http:\/\/elobservatorio.com.mx\/index.php?rest_route=\/wp\/v2\/media\/22574"}],"wp:attachment":[{"href":"http:\/\/elobservatorio.com.mx\/index.php?rest_route=%2Fwp%2Fv2%2Fmedia&parent=22573"}],"wp:term":[{"taxonomy":"category","embeddable":true,"href":"http:\/\/elobservatorio.com.mx\/index.php?rest_route=%2Fwp%2Fv2%2Fcategories&post=22573"},{"taxonomy":"post_tag","embeddable":true,"href":"http:\/\/elobservatorio.com.mx\/index.php?rest_route=%2Fwp%2Fv2%2Ftags&post=22573"}],"curies":[{"name":"wp","href":"https:\/\/api.w.org\/{rel}","templated":true}]}}