{"id":22751,"date":"2022-06-09T00:26:28","date_gmt":"2022-06-09T05:26:28","guid":{"rendered":"http:\/\/elobservatorio.com.mx\/?p=22751"},"modified":"2022-06-09T00:26:28","modified_gmt":"2022-06-09T05:26:28","slug":"presente-udec-en-el-congreso-el-futuro-del-comercio-internacional-post-pandemia","status":"publish","type":"post","link":"http:\/\/elobservatorio.com.mx\/?p=22751","title":{"rendered":"Presente UdeC en el congreso El futuro del comercio internacional post pandemia"},"content":{"rendered":"<p><em>*Se abordaron temas relacionados con la tecnolog\u00eda e inteligencia artificial, uso de las TIC en los puertos y el comercio internacional.<\/em><\/p>\n<p>La Universidad de Colima estuvo presente en el congreso \u201cEl futuro del comercio internacional post pandemia\u201d, organizado por la Coordinaci\u00f3n General de Puertos y Marina Mercante y la Administraci\u00f3n del Sistema Portuario Nacional Manzanillo (ASIPONA), el viernes pasado en el hotel Karmina Barcel\u00f3 del puerto de Manzanillo.<\/p>\n<p>Durante el congreso se abordaron temas relacionados con la tecnolog\u00eda e inteligencia artificial, uso de las TIC en los puertos y el comercio internacional, el futuro de las aduanas iberoamericanas, el comit\u00e9 del sistema armonizado de la Organizaci\u00f3n Mundial de Aduanas, as\u00ed como las relaciones y negocios internacionales en coordinaci\u00f3n con el transporte mar\u00edtimo.<\/p>\n<p>Se cont\u00f3 con la presencia de la gobernadora de Colima, Indira Vizca\u00edno Silva, de la capitana de altura Ana Laura L\u00f3pez Bautista, coordinadora general de Puertos y Marina Mercante de la Secretar\u00eda de Marina, en representaci\u00f3n del Almirante Jos\u00e9 Rafael Ojeda Dur\u00e1n, secretario de Marina, adem\u00e1s de Salvador G\u00f3mez Meill\u00f3n, director de la ASIPONA y de Osiris Ponce de Le\u00f3n, presidente de la Academia Internacional de Clasificaci\u00f3n Arancelaria de las Mercanc\u00edas (AICAM).<\/p>\n<p>Por la Universidad de Colima asistieron Ana Mar\u00eda Gallardo V\u00e1zquez, delegada en Manzanillo, en representaci\u00f3n del rector Christian Jorge Torres Ortiz Zerme\u00f1o y Er\u00e9ndira Yareth Vargas L\u00f3pez, directora de la Facultad de Comercio Exterior.<\/p>\n","protected":false},"excerpt":{"rendered":"<p>*Se abordaron temas relacionados con la tecnolog\u00eda e inteligencia artificial, uso de las TIC en los puertos y el comercio internacional. La Universidad de Colima estuvo presente en el congreso \u201cEl futuro del comercio internacional post pandemia\u201d, organizado por la Coordinaci\u00f3n General de Puertos y Marina Mercante y la Administraci\u00f3n del Sistema Portuario Nacional Manzanillo&#8230;<\/p>\n","protected":false},"author":2,"featured_media":22752,"comment_status":"open","ping_status":"open","sticky":false,"template":"","format":"standard","meta":{"footnotes":""},"categories":[14],"tags":[29,30,28],"class_list":["post-22751","post","type-post","status-publish","format-standard","has-post-thumbnail","hentry","category-educacion-y-cultura","tag-grid","tag-news","tag-slider"],"_links":{"self":[{"href":"http:\/\/elobservatorio.com.mx\/index.php?rest_route=\/wp\/v2\/posts\/22751"}],"collection":[{"href":"http:\/\/elobservatorio.com.mx\/index.php?rest_route=\/wp\/v2\/posts"}],"about":[{"href":"http:\/\/elobservatorio.com.mx\/index.php?rest_route=\/wp\/v2\/types\/post"}],"author":[{"embeddable":true,"href":"http:\/\/elobservatorio.com.mx\/index.php?rest_route=\/wp\/v2\/users\/2"}],"replies":[{"embeddable":true,"href":"http:\/\/elobservatorio.com.mx\/index.php?rest_route=%2Fwp%2Fv2%2Fcomments&post=22751"}],"version-history":[{"count":0,"href":"http:\/\/elobservatorio.com.mx\/index.php?rest_route=\/wp\/v2\/posts\/22751\/revisions"}],"wp:featuredmedia":[{"embeddable":true,"href":"http:\/\/elobservatorio.com.mx\/index.php?rest_route=\/wp\/v2\/media\/22752"}],"wp:attachment":[{"href":"http:\/\/elobservatorio.com.mx\/index.php?rest_route=%2Fwp%2Fv2%2Fmedia&parent=22751"}],"wp:term":[{"taxonomy":"category","embeddable":true,"href":"http:\/\/elobservatorio.com.mx\/index.php?rest_route=%2Fwp%2Fv2%2Fcategories&post=22751"},{"taxonomy":"post_tag","embeddable":true,"href":"http:\/\/elobservatorio.com.mx\/index.php?rest_route=%2Fwp%2Fv2%2Ftags&post=22751"}],"curies":[{"name":"wp","href":"https:\/\/api.w.org\/{rel}","templated":true}]}}