{"id":22881,"date":"2022-06-16T11:54:43","date_gmt":"2022-06-16T16:54:43","guid":{"rendered":"http:\/\/elobservatorio.com.mx\/?p=22881"},"modified":"2022-06-16T11:57:48","modified_gmt":"2022-06-16T16:57:48","slug":"por-comprar-vehiculos-comapat-dejo-sin-agua-a-colonias-de-tecoman-rigo-garcia","status":"publish","type":"post","link":"http:\/\/elobservatorio.com.mx\/?p=22881","title":{"rendered":"Por comprar veh\u00edculos,  Comapat dej\u00f3 sin agua a colonias de Tecom\u00e1n: Rigo Garc\u00eda"},"content":{"rendered":"<p><em>* Colonias y Comunidades sufren las consecuencias con el desabasto de agua potable, Madrid, Cofrad\u00eda de Morelos, Indeco, Elias Zamora Verduzco, Libertad y Colonia Moreno, las m\u00e1s afectadas, dijo Garc\u00eda Negrete.<\/em><\/p>\n<p>Colima, Col. Comunidades rurales en el municipio de Tecom\u00e1n, como Madrid y Cofrad\u00eda de Morelos, no cuentan con agua potable regularmente. Esto tambi\u00e9n sucede en las siguientes colonias. Indeco, El\u00edas Zamora Verduzco, Libertad y Colonia Moreno, son las que m\u00e1s problemas tienen en salud por la falta de agua potable, dijo Rigoberto Garc\u00eda Negrete, diputado local de Tecoman, ante los medios de comunicaci\u00f3n abordado en el Congreso del Estado de Colima.<\/p>\n<p>El Presidente del Congreso, Garc\u00eda Negrete, agreg\u00f3, esto es un agravio para la sociedad tecomense que la comapat compre veh\u00edculos para el personal y la gente pague las consecuencias qued\u00e1ndome sin el vital l\u00edquido, estas son de las cosas que no deben pasar y los responsables deben hacer bien su trabajo, para eso devengan un salario y la sociedad es quien lo paga, al cubrir sus impuestos.<\/p>\n<p>Vecinos de la colonia Ladislao Moreno, encabezados por Juan Luis L\u00f3pez viven desde hace meses la escasez del agua potable, y m\u00e1s en la parte alta donde en ocasiones en toda la tarde se alcanzan a llenar solo dos o tres cubetas, le dijeron al diputado.<\/p>\n<p>Garc\u00eda Negrete dijo este servicio est\u00e1 muy deteriorado, no solo en las comunidades rurales, es generalizado en el municipio, pero esto habla de lo mal que se est\u00e1n utilizando los recursos, ya que hace unos d\u00edas, el organismo operador del agua en Tecom\u00e1n anunci\u00f3 con bombo y platillo, la adquisici\u00f3n de autos nuevos para que sean utilizados por los altos funcionarios de la Comapat, en vez de utilizar ese recurso y aplicarlo en mejorar los servicios a los contribuyentes de agua potable.<\/p>\n<p>De la misma forma lament\u00f3 que las familias de la Indeco, El\u00edas Zamora y Libertad est\u00e9n sufriendo la escases de agua, aunque al mismo tiempo cit\u00f3, tengo entendido que en esas colonia, est\u00e1n haciendo los estudios necesarios, para ver la factibilidad de perforar un pozo profundo, pero cu\u00e1nto tiempo va a tardar esto y mientras va a seguir creciendo el problema de salud entre sus habitantes.<\/p>\n<p>Ya para finalizar dijo que seguir\u00e1 buscando el dialogo con el director del organismo operador del agua, Jes\u00fas Rojas para ver si tiene una soluci\u00f3n inmediata al problema y as\u00ed cumplirle a los usuarios con el abasto de agua.<\/p>\n","protected":false},"excerpt":{"rendered":"<p>* Colonias y Comunidades sufren las consecuencias con el desabasto de agua potable, Madrid, Cofrad\u00eda de Morelos, Indeco, Elias Zamora Verduzco, Libertad y Colonia Moreno, las m\u00e1s afectadas, dijo Garc\u00eda Negrete. Colima, Col. Comunidades rurales en el municipio de Tecom\u00e1n, como Madrid y Cofrad\u00eda de Morelos, no cuentan con agua potable regularmente. Esto tambi\u00e9n sucede&#8230;<\/p>\n","protected":false},"author":2,"featured_media":22882,"comment_status":"open","ping_status":"open","sticky":false,"template":"","format":"standard","meta":{"footnotes":""},"categories":[1],"tags":[29,30,28],"class_list":["post-22881","post","type-post","status-publish","format-standard","has-post-thumbnail","hentry","category-espacio-legislativo","tag-grid","tag-news","tag-slider"],"_links":{"self":[{"href":"http:\/\/elobservatorio.com.mx\/index.php?rest_route=\/wp\/v2\/posts\/22881"}],"collection":[{"href":"http:\/\/elobservatorio.com.mx\/index.php?rest_route=\/wp\/v2\/posts"}],"about":[{"href":"http:\/\/elobservatorio.com.mx\/index.php?rest_route=\/wp\/v2\/types\/post"}],"author":[{"embeddable":true,"href":"http:\/\/elobservatorio.com.mx\/index.php?rest_route=\/wp\/v2\/users\/2"}],"replies":[{"embeddable":true,"href":"http:\/\/elobservatorio.com.mx\/index.php?rest_route=%2Fwp%2Fv2%2Fcomments&post=22881"}],"version-history":[{"count":0,"href":"http:\/\/elobservatorio.com.mx\/index.php?rest_route=\/wp\/v2\/posts\/22881\/revisions"}],"wp:featuredmedia":[{"embeddable":true,"href":"http:\/\/elobservatorio.com.mx\/index.php?rest_route=\/wp\/v2\/media\/22882"}],"wp:attachment":[{"href":"http:\/\/elobservatorio.com.mx\/index.php?rest_route=%2Fwp%2Fv2%2Fmedia&parent=22881"}],"wp:term":[{"taxonomy":"category","embeddable":true,"href":"http:\/\/elobservatorio.com.mx\/index.php?rest_route=%2Fwp%2Fv2%2Fcategories&post=22881"},{"taxonomy":"post_tag","embeddable":true,"href":"http:\/\/elobservatorio.com.mx\/index.php?rest_route=%2Fwp%2Fv2%2Ftags&post=22881"}],"curies":[{"name":"wp","href":"https:\/\/api.w.org\/{rel}","templated":true}]}}