{"id":22891,"date":"2022-06-16T15:03:32","date_gmt":"2022-06-16T20:03:32","guid":{"rendered":"http:\/\/elobservatorio.com.mx\/?p=22891"},"modified":"2022-06-16T15:03:32","modified_gmt":"2022-06-16T20:03:32","slug":"congreso-local-aprueba-declarar-patrimonio-cultural-a-las-ruinas-del-meson-de-caxitlan","status":"publish","type":"post","link":"http:\/\/elobservatorio.com.mx\/?p=22891","title":{"rendered":"Congreso local aprueba declarar Patrimonio Cultural a las ruinas del Mes\u00f3n de Caxitl\u00e1n"},"content":{"rendered":"<p>En la \u00faltima sesi\u00f3n ordinaria, las diputadas y diputados de la LX Legislatura aprobaron emitir una solicitud al Poder Ejecutivo para que, a trav\u00e9s de la Subsecretar\u00eda de Cultura, se expida la declaratoria como Patrimonio Cultural del Estado de Colima en la clasificaci\u00f3n de Zonas de Protecci\u00f3n como Centro Hist\u00f3rico, a las Ruinas del Mes\u00f3n de Caxitl\u00e1n, ubicadas a un costado de la Comunidad de Caleras, municipio de Tecom\u00e1n.<\/p>\n<p>Lo anterior, ya que el pr\u00f3ximo a\u00f1o 2023 se conmemoran 500 a\u00f1os de la fundaci\u00f3n de la que fuera la primera poblaci\u00f3n espa\u00f1ola en el actual territorio del estado de Colima, que fue la novena de Nueva Espa\u00f1a, en el a\u00f1o de 1523.<\/p>\n<p>El diputado Julio C\u00e9sar Cano Far\u00edas, quien present\u00f3 el Punto de Acuerdo, mencion\u00f3 que \u201cesta zona es la cuna de nuestro Estado, son las ra\u00edces de nuestro pueblo, ah\u00ed se fundaron los primeros asentamientos que dieron origen a lo que somos hoy en d\u00eda, por lo que es importante rescatarlo y conservarlo como un medio para preservar la memoria hist\u00f3rica de nuestra sociedad, arraigar las ra\u00edces de todos los colimenses, y generar un fuerte v\u00ednculo con su tierra\u201d.<\/p>\n<p>Por su parte, el diputado Rigoberto Garc\u00eda Negrete reconoci\u00f3 el Punto de Acuerdo propuesto por el legislador Cano Far\u00edas, lo mismo que el diputado David Grajales.<\/p>\n<p>Ante ello, en la v\u00edspera de los 500 a\u00f1os de su fundaci\u00f3n, se aprob\u00f3 por mayor\u00eda otorgarle la importancia que ese lugar se merece, y que sea reconocido como patrimonio cultural del Estado, como un bien de inter\u00e9s p\u00fablico.<\/p>\n<p>Para efectos de dar cumplimiento se instruy\u00f3 a la Secretar\u00eda General del Congreso del Estado enviar el Acuerdo a la Subsecretar\u00eda de Cultura del Gobierno del Estado de Colima, con el fin de iniciar el proceso de emisi\u00f3n de declaratorio como como Patrimonio Cultural del Estado de Colima, de las Ruinas del Mes\u00f3n de Caxitl\u00e1n.<\/p>\n","protected":false},"excerpt":{"rendered":"<p>En la \u00faltima sesi\u00f3n ordinaria, las diputadas y diputados de la LX Legislatura aprobaron emitir una solicitud al Poder Ejecutivo para que, a trav\u00e9s de la Subsecretar\u00eda de Cultura, se expida la declaratoria como Patrimonio Cultural del Estado de Colima en la clasificaci\u00f3n de Zonas de Protecci\u00f3n como Centro Hist\u00f3rico, a las Ruinas del Mes\u00f3n&#8230;<\/p>\n","protected":false},"author":2,"featured_media":22892,"comment_status":"open","ping_status":"open","sticky":false,"template":"","format":"standard","meta":{"footnotes":""},"categories":[1],"tags":[29,30,28],"class_list":["post-22891","post","type-post","status-publish","format-standard","has-post-thumbnail","hentry","category-espacio-legislativo","tag-grid","tag-news","tag-slider"],"_links":{"self":[{"href":"http:\/\/elobservatorio.com.mx\/index.php?rest_route=\/wp\/v2\/posts\/22891"}],"collection":[{"href":"http:\/\/elobservatorio.com.mx\/index.php?rest_route=\/wp\/v2\/posts"}],"about":[{"href":"http:\/\/elobservatorio.com.mx\/index.php?rest_route=\/wp\/v2\/types\/post"}],"author":[{"embeddable":true,"href":"http:\/\/elobservatorio.com.mx\/index.php?rest_route=\/wp\/v2\/users\/2"}],"replies":[{"embeddable":true,"href":"http:\/\/elobservatorio.com.mx\/index.php?rest_route=%2Fwp%2Fv2%2Fcomments&post=22891"}],"version-history":[{"count":0,"href":"http:\/\/elobservatorio.com.mx\/index.php?rest_route=\/wp\/v2\/posts\/22891\/revisions"}],"wp:featuredmedia":[{"embeddable":true,"href":"http:\/\/elobservatorio.com.mx\/index.php?rest_route=\/wp\/v2\/media\/22892"}],"wp:attachment":[{"href":"http:\/\/elobservatorio.com.mx\/index.php?rest_route=%2Fwp%2Fv2%2Fmedia&parent=22891"}],"wp:term":[{"taxonomy":"category","embeddable":true,"href":"http:\/\/elobservatorio.com.mx\/index.php?rest_route=%2Fwp%2Fv2%2Fcategories&post=22891"},{"taxonomy":"post_tag","embeddable":true,"href":"http:\/\/elobservatorio.com.mx\/index.php?rest_route=%2Fwp%2Fv2%2Ftags&post=22891"}],"curies":[{"name":"wp","href":"https:\/\/api.w.org\/{rel}","templated":true}]}}