{"id":22956,"date":"2022-06-21T15:22:19","date_gmt":"2022-06-21T20:22:19","guid":{"rendered":"http:\/\/elobservatorio.com.mx\/?p=22956"},"modified":"2022-06-21T15:22:19","modified_gmt":"2022-06-21T20:22:19","slug":"margarita-moreno-se-adhiere-a-la-red-de-mujeres-electas","status":"publish","type":"post","link":"http:\/\/elobservatorio.com.mx\/?p=22956","title":{"rendered":"Margarita Moreno se adhiere a la Red de Mujeres Electas"},"content":{"rendered":"<p><em>*Por invitaci\u00f3n de las Consejeras Electorales del Instituto Electoral del Estado, la presidenta municipal, junto con regidoras integrantes de su cabildo se sumaron a esta red nacional, que tiene el objetivo de reforzar el trabajo en materia de paridad de g\u00e9nero y contra la violencia pol\u00edtica de g\u00e9nero.<\/em><br aria-hidden=\"true\" \/><br aria-hidden=\"true\" \/>La presidenta municipal de Colima, Margarita Moreno, acompa\u00f1ada de las integrantes de su Cabildo, las regidoras: Ana Patricia Escobosa, Gisela M\u00e9ndez, Miryan Rosendo Le\u00f3n e Itzel Sarah\u00ed Rojas firm\u00f3 su adhesi\u00f3n a la Red de Mujeres Electas, impulsada por el Instituto Nacional Electoral y la Red Mexicana de Consejeras Electorales, que la finalidad de continuar con los trabajos que garanticen la paridad de g\u00e9nero en materia pol\u00edtica, as\u00ed como combatir la violencia pol\u00edtica de g\u00e9nero.<br aria-hidden=\"true\" \/><br aria-hidden=\"true\" \/>Esta invitaci\u00f3n a la presidenta municipal y las integrantes del Cabildo capitalino, fue promovida por las Consejeras del Instituto Electoral del Estado en visita de cortes\u00eda encabezada por la presidenta del organismo electoral local, Adriana Ruiz Visfocri y las consejeras electorales Martha Elba Iza Huerta y Ana Florencia Romano S\u00e1nchez, quienes presentaron los alcances que tiene esta Red de Mujeres Electas que tiene un alcance nacional.<br aria-hidden=\"true\" \/><br aria-hidden=\"true\" \/>Al hacer uso de la voz, la presidenta Margarita Moreno, afirm\u00f3 que en su administraci\u00f3n se trabaja con una visi\u00f3n paritaria, de respeto y colaboraci\u00f3n permanente en materia de g\u00e9nero, al referir que es indispensable que las y los integrantes de su equipo de trabajo se capaciten en materia de paridad, aunado a las acciones que desde el \u00e1mbito institucional se proyectan a la sociedad.<br aria-hidden=\"true\" \/><br aria-hidden=\"true\" \/>\u201cCelebro que exista esta red de mujeres electas, que es una red de apoyo para las mujeres, porque m\u00e1s all\u00e1 de partidos pol\u00edticos de ideolog\u00edas, como mujeres tenemos la responsabilidad de poner la muestra de que podemos llegar a acuerdos tras una larga lucha por lograr la paridad y la justicia\u201d, coment\u00f3.<br aria-hidden=\"true\" \/><br aria-hidden=\"true\" \/>La presidenta del Consejo General del Instituto Electoral del Estado expres\u00f3 que el trabajo en acciones de g\u00e9nero han dado paso a una nueva realidad pol\u00edtica, donde existe una representatividad femenina en cargos de elecci\u00f3n popular, como el caso de la capital colimense, representada por la presidenta Margarita Moreno.<\/p>\n","protected":false},"excerpt":{"rendered":"<p>*Por invitaci\u00f3n de las Consejeras Electorales del Instituto Electoral del Estado, la presidenta municipal, junto con regidoras integrantes de su cabildo se sumaron a esta red nacional, que tiene el objetivo de reforzar el trabajo en materia de paridad de g\u00e9nero y contra la violencia pol\u00edtica de g\u00e9nero.La presidenta municipal de Colima, Margarita Moreno, acompa\u00f1ada&#8230;<\/p>\n","protected":false},"author":2,"featured_media":22957,"comment_status":"open","ping_status":"open","sticky":false,"template":"","format":"standard","meta":{"footnotes":""},"categories":[36,8],"tags":[29,30,28],"class_list":["post-22956","post","type-post","status-publish","format-standard","has-post-thumbnail","hentry","category-colima","category-municipios","tag-grid","tag-news","tag-slider"],"_links":{"self":[{"href":"http:\/\/elobservatorio.com.mx\/index.php?rest_route=\/wp\/v2\/posts\/22956"}],"collection":[{"href":"http:\/\/elobservatorio.com.mx\/index.php?rest_route=\/wp\/v2\/posts"}],"about":[{"href":"http:\/\/elobservatorio.com.mx\/index.php?rest_route=\/wp\/v2\/types\/post"}],"author":[{"embeddable":true,"href":"http:\/\/elobservatorio.com.mx\/index.php?rest_route=\/wp\/v2\/users\/2"}],"replies":[{"embeddable":true,"href":"http:\/\/elobservatorio.com.mx\/index.php?rest_route=%2Fwp%2Fv2%2Fcomments&post=22956"}],"version-history":[{"count":0,"href":"http:\/\/elobservatorio.com.mx\/index.php?rest_route=\/wp\/v2\/posts\/22956\/revisions"}],"wp:featuredmedia":[{"embeddable":true,"href":"http:\/\/elobservatorio.com.mx\/index.php?rest_route=\/wp\/v2\/media\/22957"}],"wp:attachment":[{"href":"http:\/\/elobservatorio.com.mx\/index.php?rest_route=%2Fwp%2Fv2%2Fmedia&parent=22956"}],"wp:term":[{"taxonomy":"category","embeddable":true,"href":"http:\/\/elobservatorio.com.mx\/index.php?rest_route=%2Fwp%2Fv2%2Fcategories&post=22956"},{"taxonomy":"post_tag","embeddable":true,"href":"http:\/\/elobservatorio.com.mx\/index.php?rest_route=%2Fwp%2Fv2%2Ftags&post=22956"}],"curies":[{"name":"wp","href":"https:\/\/api.w.org\/{rel}","templated":true}]}}