{"id":22959,"date":"2022-06-21T15:48:53","date_gmt":"2022-06-21T20:48:53","guid":{"rendered":"http:\/\/elobservatorio.com.mx\/?p=22959"},"modified":"2022-06-21T15:51:31","modified_gmt":"2022-06-21T20:51:31","slug":"alcalde-elias-lozano-informa-a-medias-del-problema-de-desabasto-de-agua-roberto-verduzco","status":"publish","type":"post","link":"http:\/\/elobservatorio.com.mx\/?p=22959","title":{"rendered":"Alcalde El\u00edas Lozano informa a \u00abmedias\u00bb del problema de desabasto de agua: Roberto Verduzco"},"content":{"rendered":"<p><em>*Ya est\u00e1 el problema, ahora lo que se debe buscar es darle soluci\u00f3n definitiva, se\u00f1ala el regidor emecista.\u00a0\u00a0<\/em><\/p>\n<p>Tecom\u00e1n Col.- El regidor por Movimiento Ciudadano, <strong>Roberto Verduzco Espinoza,<\/strong> reconoci\u00f3 como municipe el problema de desabasto de agua que enfrentan los habitantes del municipio, un problema que en esta administraci\u00f3n ha sido ya una cotidianidad y que es primordial combatirlo.<\/p>\n<p>Para ello, dijo, el presidente municipal\u00a0 El\u00edas Lozano debe reconocer el problema y a la vez no informar a medias sobre el problema para que se pueda atender y solucionar, como es el caso de los habitantes de las colonias Indeco, Libertad y El\u00edas Zamora en donde por varios d\u00edas\u00a0 se han quedado sin agua.<\/p>\n<p>\u00abAh\u00ed en esa zona ya hay muchas familias las cuales tienen apenas dos equipos de bombeo, uno est\u00e1 en la El\u00edas Zamora y otro en la colonia Libertad y ya es insuficiente\u00bb.<\/p>\n<p>Coment\u00f3 que hace d\u00edas escuch\u00f3 a la autoridad informar que para dichas colonias se est\u00e1 buscando la posibilidad de la perforaci\u00f3n de un nuevo pozo y el ayuntamiento como tal est\u00e1 en lo correcto, s\u00f3lo que antes de hacer dicha perforaci\u00f3n es muy importante que nos informaran si realmente est\u00e1n limpiando las tuber\u00edas,\u00a0 ya que por ser una zona arenosa, \u00e9stos se tapan y genera taponeamientos\u00a0 que da\u00f1an incluso al sistema de bombeo.<\/p>\n<p>\u00abLe solicitar\u00eda al presidente que informara a la poblaci\u00f3n qu\u00e9 est\u00e1 haciendo con los dos pozos, porqu\u00e9 no est\u00e1n abasteciendo\u00bb.<\/p>\n<p>El regidor abund\u00f3 que en reiteradas ocasiones cuando hay desabasto se apoya\u00a0 a esas colonias con el pozo que est\u00e1 ubicado por la plaza de toros La Candelaria, que con la fuerza de los tres pozos se abastece sin problema a los habitantes del lugar.<\/p>\n<p>\u00abPor eso insisto en que primero\u00a0es necesario hacer el correcto mantenimiento de los pozos de los ya existentes, adem\u00e1s la limpieza de las tuber\u00edas e informar a la poblaci\u00f3n si realmente la capacidad de los motores es la correcta y si no, cambiar la capacidad del motor\u00bb.<\/p>\n<p>Asimismo hizo el llamado a las regidoras Laura Montes y Lupita que son miembros del consejo de la COMAPAT para que se sumen a evitar m\u00e1s desabasto de agua y soliciten la informaci\u00f3n t\u00e9cnica de lo qu\u00e9 est\u00e1 sucediendo, para no estar especulando, pero si es necesario que se revise lo que ya est\u00e1 para no seguir gastando en donde posiblemente no es necesario.<\/p>\n<p>\u00abPosiblemente no se le da el correcto mantenimiento a las tuber\u00edas, Tecom\u00e1n es tierra arenosa y esa arena se filtra a las tuber\u00edas y se tiene que estar dando mantenimiento as\u00ed como tambi\u00e9n analizar la capacidad de captaci\u00f3n de los pozos\u00bb.<\/p>\n<p>Por ultimo dijo que por las razones antes expuestas, muchas veces los usuarios se quejan de que al abrir la llave les cae solamente lodo, arena y aire,\u00a0 precisamente por la falta de limpieza y mantenimiento de las tuber\u00edas y pozos.<\/p>\n<p>\u00abO incluso tambi\u00e9n preguntarle al encargado del mantenimiento de los pozos en Tecom\u00e1n, que es el Ing Quiles, preguntarle\u00a0 si se est\u00e1 haciendo el trabajo correctivo y preventivo para evitar el debasto de agua, qu\u00e9 est\u00e1 pasando con los pozos porque en todos lados est\u00e1n tronando el equipo de bombeo\u00bb.<\/p>\n","protected":false},"excerpt":{"rendered":"<p>*Ya est\u00e1 el problema, ahora lo que se debe buscar es darle soluci\u00f3n definitiva, se\u00f1ala el regidor emecista.\u00a0\u00a0 Tecom\u00e1n Col.- El regidor por Movimiento Ciudadano, Roberto Verduzco Espinoza, reconoci\u00f3 como municipe el problema de desabasto de agua que enfrentan los habitantes del municipio, un problema que en esta administraci\u00f3n ha sido ya una cotidianidad y&#8230;<\/p>\n","protected":false},"author":2,"featured_media":22960,"comment_status":"open","ping_status":"open","sticky":false,"template":"","format":"standard","meta":{"footnotes":""},"categories":[8,34],"tags":[29,30,28],"class_list":["post-22959","post","type-post","status-publish","format-standard","has-post-thumbnail","hentry","category-municipios","category-tecoman","tag-grid","tag-news","tag-slider"],"_links":{"self":[{"href":"http:\/\/elobservatorio.com.mx\/index.php?rest_route=\/wp\/v2\/posts\/22959"}],"collection":[{"href":"http:\/\/elobservatorio.com.mx\/index.php?rest_route=\/wp\/v2\/posts"}],"about":[{"href":"http:\/\/elobservatorio.com.mx\/index.php?rest_route=\/wp\/v2\/types\/post"}],"author":[{"embeddable":true,"href":"http:\/\/elobservatorio.com.mx\/index.php?rest_route=\/wp\/v2\/users\/2"}],"replies":[{"embeddable":true,"href":"http:\/\/elobservatorio.com.mx\/index.php?rest_route=%2Fwp%2Fv2%2Fcomments&post=22959"}],"version-history":[{"count":0,"href":"http:\/\/elobservatorio.com.mx\/index.php?rest_route=\/wp\/v2\/posts\/22959\/revisions"}],"wp:featuredmedia":[{"embeddable":true,"href":"http:\/\/elobservatorio.com.mx\/index.php?rest_route=\/wp\/v2\/media\/22960"}],"wp:attachment":[{"href":"http:\/\/elobservatorio.com.mx\/index.php?rest_route=%2Fwp%2Fv2%2Fmedia&parent=22959"}],"wp:term":[{"taxonomy":"category","embeddable":true,"href":"http:\/\/elobservatorio.com.mx\/index.php?rest_route=%2Fwp%2Fv2%2Fcategories&post=22959"},{"taxonomy":"post_tag","embeddable":true,"href":"http:\/\/elobservatorio.com.mx\/index.php?rest_route=%2Fwp%2Fv2%2Ftags&post=22959"}],"curies":[{"name":"wp","href":"https:\/\/api.w.org\/{rel}","templated":true}]}}