{"id":23058,"date":"2022-06-28T22:49:21","date_gmt":"2022-06-29T03:49:21","guid":{"rendered":"http:\/\/elobservatorio.com.mx\/?p=23058"},"modified":"2022-06-28T22:54:54","modified_gmt":"2022-06-29T03:54:54","slug":"entregara-el-observatorio-premios-reloj-a-personas-destacadas-en-tecoman","status":"publish","type":"post","link":"http:\/\/elobservatorio.com.mx\/?p=23058","title":{"rendered":"Entregar\u00e1 El Observatorio premios \u00abreloj\u00bb a personas destacadas en Tecom\u00e1n"},"content":{"rendered":"<p><em>*A doce a\u00f1os de su fundaci\u00f3n, se reconocer\u00e1 por primera vez a quienes han dejado un legado a las nuevas generaciones en diferentes g\u00e9neros<\/em><\/p>\n<p>Tecom\u00e1n Col.- Este s\u00e1bado 2 de julio en el marco del XII aniversario del Observatorio Noticias, se entregar\u00e1 por primera vez el premio \u00abreloj\u00bb a personajes destacados en el municipio tecomense.<\/p>\n<p>El Observatorio un medio de comunicaci\u00f3n que se ha consolidado, ha sido testigo de la labor que realizan algunas personas a favor de la sociedad, esta ocasi\u00f3n son seis las personas que ser\u00e1n galardonadas, con dicho premio que consiste en un reconocimiento a su destacada labor en g\u00e9nero deportivo, m\u00e9rito ciudadano, period\u00edstico,etc, etc,\u00a0 que a trav\u00e9s del tiempo han escrito la historia en las p\u00e1ginas de los medios de comunicaci\u00f3n o de la sociedad y es el tiempo el que ha puesto a cada uno en el lugar que les corresponde.<\/p>\n<p>Personajes que no se les ha reconocido su trayectoria y que vale la pena otorgarles ese reconocimiento en vida, que incluso algunos se adelantaron en el camino, pero dejaron plasmado ese legado y trabajo a favor de diversos sectores en donde se destacaron.<\/p>\n<p>La transmisi\u00f3n ser\u00e1 en vivo, en punto de las 7 de la tarde, a trav\u00e9s de nuestras plataformas de <strong>El Observatorio Noticias<\/strong> en redes sociales y se llevar\u00e1 a cabo en el evento con motivo del XII aniversario que ya se est\u00e1n haciendo los preparativos para dicho evento.<\/p>\n<p>&nbsp;<\/p>\n<p>&nbsp;<\/p>\n","protected":false},"excerpt":{"rendered":"<p>*A doce a\u00f1os de su fundaci\u00f3n, se reconocer\u00e1 por primera vez a quienes han dejado un legado a las nuevas generaciones en diferentes g\u00e9neros Tecom\u00e1n Col.- Este s\u00e1bado 2 de julio en el marco del XII aniversario del Observatorio Noticias, se entregar\u00e1 por primera vez el premio \u00abreloj\u00bb a personajes destacados en el municipio tecomense&#8230;.<\/p>\n","protected":false},"author":2,"featured_media":23059,"comment_status":"open","ping_status":"open","sticky":false,"template":"","format":"standard","meta":{"footnotes":""},"categories":[12],"tags":[29,30,28],"class_list":["post-23058","post","type-post","status-publish","format-standard","has-post-thumbnail","hentry","category-sociedad","tag-grid","tag-news","tag-slider"],"_links":{"self":[{"href":"http:\/\/elobservatorio.com.mx\/index.php?rest_route=\/wp\/v2\/posts\/23058"}],"collection":[{"href":"http:\/\/elobservatorio.com.mx\/index.php?rest_route=\/wp\/v2\/posts"}],"about":[{"href":"http:\/\/elobservatorio.com.mx\/index.php?rest_route=\/wp\/v2\/types\/post"}],"author":[{"embeddable":true,"href":"http:\/\/elobservatorio.com.mx\/index.php?rest_route=\/wp\/v2\/users\/2"}],"replies":[{"embeddable":true,"href":"http:\/\/elobservatorio.com.mx\/index.php?rest_route=%2Fwp%2Fv2%2Fcomments&post=23058"}],"version-history":[{"count":0,"href":"http:\/\/elobservatorio.com.mx\/index.php?rest_route=\/wp\/v2\/posts\/23058\/revisions"}],"wp:featuredmedia":[{"embeddable":true,"href":"http:\/\/elobservatorio.com.mx\/index.php?rest_route=\/wp\/v2\/media\/23059"}],"wp:attachment":[{"href":"http:\/\/elobservatorio.com.mx\/index.php?rest_route=%2Fwp%2Fv2%2Fmedia&parent=23058"}],"wp:term":[{"taxonomy":"category","embeddable":true,"href":"http:\/\/elobservatorio.com.mx\/index.php?rest_route=%2Fwp%2Fv2%2Fcategories&post=23058"},{"taxonomy":"post_tag","embeddable":true,"href":"http:\/\/elobservatorio.com.mx\/index.php?rest_route=%2Fwp%2Fv2%2Ftags&post=23058"}],"curies":[{"name":"wp","href":"https:\/\/api.w.org\/{rel}","templated":true}]}}