{"id":23078,"date":"2022-06-29T21:24:01","date_gmt":"2022-06-30T02:24:01","guid":{"rendered":"http:\/\/elobservatorio.com.mx\/?p=23078"},"modified":"2022-06-29T21:24:01","modified_gmt":"2022-06-30T02:24:01","slug":"con-una-inversion-superior-a-14-mdp-arranca-obra-pavimentacion-de-la-avenida-halcones","status":"publish","type":"post","link":"http:\/\/elobservatorio.com.mx\/?p=23078","title":{"rendered":"Con una inversi\u00f3n superior a 14 MDP, arranca obra pavimentaci\u00f3n de la Avenida Halcones"},"content":{"rendered":"<p>Con el prop\u00f3sito de contar con vialidades m\u00e1s ordenadas y hacer una movilidad eficiente, la presidenta Griselda Mart\u00ednez, con una inversi\u00f3n de 14 millones 380 mil pesos, hizo el arranque de los trabajos para hacer una pavimentaci\u00f3n total de la Avenida Halcones que se ubica en el Barrio 6 del Valle de las Garzas; esta obra contar\u00e1 con concreto hidr\u00e1ulico, un sistema de alumbrado, colectores pluviales y ciclov\u00eda.<\/p>\n<p>Acompa\u00f1ada por el Director General de Obras P\u00fablicas Alam Vargas y del representante Legal de Construcciones Terramar Mzo, S.A. de C.V Rudy Alexander Mart\u00ednez Cortes quien entreg\u00f3 la mejor propuesta para realizar los trabajos, la alcaldesa pidi\u00f3 la comprensi\u00f3n de las y los vecinos y de las personas que transitan por el lugar por las molestias pasajeras que se provocar\u00e1n; sin embargo afirm\u00f3 que ser\u00e1 una obra de calidad que garantizar\u00e1 una larga vida \u00fatil.<\/p>\n<p>Este mi\u00e9rcoles se dio el banderazo con el que arrancaron los trabajos de este nuevo proyecto, que consistir\u00e1 en intervenir toda esa vialidad, es decir, impactar en 6 mil 450 metros cuadrados que ir\u00e1 desde la Avenida Paseo de las Garzas hasta la Avenida Paseo de las Gaviotas.<\/p>\n<p>De acuerdo con el proyecto ejecutivo, esta nueva obra del Ayuntamiento de Manzanillo tendr\u00e1 una inversi\u00f3n que superar\u00e1 los 14 millones 380 mil pesos y contemplar\u00e1 tambi\u00e9n la renivelaci\u00f3n de banquetas en ambos extremos de la vialidad; se renovar\u00e1 en su totalidad del sistema de alumbrado p\u00fablico que contempla la sustituci\u00f3n de 49 piezas; se reforestar\u00e1 el camell\u00f3n central y jardineras en donde se sembrar\u00e1n palmas kerpis, palma cola de zorro, iresine y durante, y tendr\u00e1n un sistema de riego por goteo para su conservaci\u00f3n.<\/p>\n<p>Esta vialidad vendr\u00e1 a beneficiar a 13 mil 500 personas que la transitan a diario. De acuerdo con las proyecciones, estos trabajos deber\u00e1n concluir en aproximadamente 105 d\u00edas.<\/p>\n<p>&nbsp;<\/p>\n<p>&nbsp;<\/p>\n","protected":false},"excerpt":{"rendered":"<p>Con el prop\u00f3sito de contar con vialidades m\u00e1s ordenadas y hacer una movilidad eficiente, la presidenta Griselda Mart\u00ednez, con una inversi\u00f3n de 14 millones 380 mil pesos, hizo el arranque de los trabajos para hacer una pavimentaci\u00f3n total de la Avenida Halcones que se ubica en el Barrio 6 del Valle de las Garzas; esta&#8230;<\/p>\n","protected":false},"author":2,"featured_media":23079,"comment_status":"open","ping_status":"open","sticky":false,"template":"","format":"standard","meta":{"footnotes":""},"categories":[35,8],"tags":[29,30,28],"class_list":["post-23078","post","type-post","status-publish","format-standard","has-post-thumbnail","hentry","category-manzanillo","category-municipios","tag-grid","tag-news","tag-slider"],"_links":{"self":[{"href":"http:\/\/elobservatorio.com.mx\/index.php?rest_route=\/wp\/v2\/posts\/23078"}],"collection":[{"href":"http:\/\/elobservatorio.com.mx\/index.php?rest_route=\/wp\/v2\/posts"}],"about":[{"href":"http:\/\/elobservatorio.com.mx\/index.php?rest_route=\/wp\/v2\/types\/post"}],"author":[{"embeddable":true,"href":"http:\/\/elobservatorio.com.mx\/index.php?rest_route=\/wp\/v2\/users\/2"}],"replies":[{"embeddable":true,"href":"http:\/\/elobservatorio.com.mx\/index.php?rest_route=%2Fwp%2Fv2%2Fcomments&post=23078"}],"version-history":[{"count":0,"href":"http:\/\/elobservatorio.com.mx\/index.php?rest_route=\/wp\/v2\/posts\/23078\/revisions"}],"wp:featuredmedia":[{"embeddable":true,"href":"http:\/\/elobservatorio.com.mx\/index.php?rest_route=\/wp\/v2\/media\/23079"}],"wp:attachment":[{"href":"http:\/\/elobservatorio.com.mx\/index.php?rest_route=%2Fwp%2Fv2%2Fmedia&parent=23078"}],"wp:term":[{"taxonomy":"category","embeddable":true,"href":"http:\/\/elobservatorio.com.mx\/index.php?rest_route=%2Fwp%2Fv2%2Fcategories&post=23078"},{"taxonomy":"post_tag","embeddable":true,"href":"http:\/\/elobservatorio.com.mx\/index.php?rest_route=%2Fwp%2Fv2%2Ftags&post=23078"}],"curies":[{"name":"wp","href":"https:\/\/api.w.org\/{rel}","templated":true}]}}