{"id":23120,"date":"2022-07-04T18:32:43","date_gmt":"2022-07-04T23:32:43","guid":{"rendered":"http:\/\/elobservatorio.com.mx\/?p=23120"},"modified":"2022-07-04T18:32:43","modified_gmt":"2022-07-04T23:32:43","slug":"tras-el-intento-de-robar-un-vehiculo-hombre-es-vinculado-a-proceso","status":"publish","type":"post","link":"http:\/\/elobservatorio.com.mx\/?p=23120","title":{"rendered":"Tras el intento de robar un veh\u00edculo, hombre es vinculado a proceso"},"content":{"rendered":"<p><em>*Ya se encuentra en prisi\u00f3n preventiva<\/em><\/p>\n<p>Las indagatorias realizadas por la Fiscal\u00eda General del Estado (FGE), permitieron al Juez de Control vincular a un masculino por el hecho ocurrido en la colonia Lomas de Circunvalaci\u00f3n de esta ciudad de Colima y que la ley se\u00f1ala como delito de robo de veh\u00edculo en grado de tentativa.<\/p>\n<p>La carpeta de investigaci\u00f3n establece que el pasado 30 de junio, el masculino abord\u00f3 el veh\u00edculo de la marca Nissan, tipo camioneta pick up, el cual se encontraba estacionado por la colonia ya referida, por lo que al ser visto por el propietario de dicha unidad vehicular cuando trataba de apoderarse del mismo, realiz\u00f3 un reporte a elementos de la Polic\u00eda Estatal, siendo estos quienes realizaron su detenci\u00f3n.<\/p>\n<p>Derivado de lo anterior, el imputado fue puesto a disposici\u00f3n del \u00f3rgano judicial quien lo vincul\u00f3 a proceso y le impuso como medida cautelar la prisi\u00f3n preventiva, adem\u00e1s de concederle al ministerio p\u00fablico el plazo de un mes para el cierre de la investigaci\u00f3n.<\/p>\n<p>La Fiscal\u00eda contin\u00faa cumpliendo su responsabilidad de investigar y esclarecer los delitos cometidos en el Estado, adem\u00e1s de la b\u00fasqueda y captura de quienes son se\u00f1alados como responsables, para llevarlos ante la justicia y lograr para ellos las sanciones que la ley establece.<\/p>\n<p>As\u00ed mismo invita a la poblaci\u00f3n a denunciar los actos delictivos ante el Ministerio P\u00fablico o llamar a las l\u00edneas 089 para la denuncia an\u00f3nima y 911 para las emergencias.<\/p>\n","protected":false},"excerpt":{"rendered":"<p>*Ya se encuentra en prisi\u00f3n preventiva Las indagatorias realizadas por la Fiscal\u00eda General del Estado (FGE), permitieron al Juez de Control vincular a un masculino por el hecho ocurrido en la colonia Lomas de Circunvalaci\u00f3n de esta ciudad de Colima y que la ley se\u00f1ala como delito de robo de veh\u00edculo en grado de tentativa&#8230;.<\/p>\n","protected":false},"author":2,"featured_media":23121,"comment_status":"open","ping_status":"open","sticky":false,"template":"","format":"standard","meta":{"footnotes":""},"categories":[15],"tags":[29,30,28],"class_list":["post-23120","post","type-post","status-publish","format-standard","has-post-thumbnail","hentry","category-seguridad-y-justicia","tag-grid","tag-news","tag-slider"],"_links":{"self":[{"href":"http:\/\/elobservatorio.com.mx\/index.php?rest_route=\/wp\/v2\/posts\/23120"}],"collection":[{"href":"http:\/\/elobservatorio.com.mx\/index.php?rest_route=\/wp\/v2\/posts"}],"about":[{"href":"http:\/\/elobservatorio.com.mx\/index.php?rest_route=\/wp\/v2\/types\/post"}],"author":[{"embeddable":true,"href":"http:\/\/elobservatorio.com.mx\/index.php?rest_route=\/wp\/v2\/users\/2"}],"replies":[{"embeddable":true,"href":"http:\/\/elobservatorio.com.mx\/index.php?rest_route=%2Fwp%2Fv2%2Fcomments&post=23120"}],"version-history":[{"count":0,"href":"http:\/\/elobservatorio.com.mx\/index.php?rest_route=\/wp\/v2\/posts\/23120\/revisions"}],"wp:featuredmedia":[{"embeddable":true,"href":"http:\/\/elobservatorio.com.mx\/index.php?rest_route=\/wp\/v2\/media\/23121"}],"wp:attachment":[{"href":"http:\/\/elobservatorio.com.mx\/index.php?rest_route=%2Fwp%2Fv2%2Fmedia&parent=23120"}],"wp:term":[{"taxonomy":"category","embeddable":true,"href":"http:\/\/elobservatorio.com.mx\/index.php?rest_route=%2Fwp%2Fv2%2Fcategories&post=23120"},{"taxonomy":"post_tag","embeddable":true,"href":"http:\/\/elobservatorio.com.mx\/index.php?rest_route=%2Fwp%2Fv2%2Ftags&post=23120"}],"curies":[{"name":"wp","href":"https:\/\/api.w.org\/{rel}","templated":true}]}}