{"id":23208,"date":"2022-07-11T22:56:47","date_gmt":"2022-07-12T03:56:47","guid":{"rendered":"http:\/\/elobservatorio.com.mx\/?p=23208"},"modified":"2022-07-11T23:10:56","modified_gmt":"2022-07-12T04:10:56","slug":"pandemia-y-crisis-economica-retos-que-debieron-enfrentar-egresados-de-bachillerato-cesar-meza","status":"publish","type":"post","link":"http:\/\/elobservatorio.com.mx\/?p=23208","title":{"rendered":"Pandemia y crisis econ\u00f3mica, retos que debieron enfrentar egresados de bachillerato: C\u00e9sar Meza"},"content":{"rendered":"<p><em>*\u201cAun as\u00ed, la mayor\u00eda hizo un doble, triple o hasta cu\u00e1druple esfuerzo para cumplir con las obligaciones que implica una educaci\u00f3n a distancia, cuando toda la vida hab\u00eda sido presencial\u201d, agreg\u00f3 el director del Bachillerato 17.<\/em><\/p>\n<p>Al entregar los certificados a las y los j\u00f3venes de la generaci\u00f3n 2019-2022 de los bachilleratos 17 y 25 de Comala, C\u00e9sar Alejandro Meza Romero, director del 17, en nombre tambi\u00e9n de la directora del 25, Griselda Lili\u00e1n L\u00f3pez Eusebio, destac\u00f3 el doble reto que enfrentaron las y los estudiantes durante estos \u00faltimos a\u00f1os: el de la pandemia y la crisis econ\u00f3mica.<\/p>\n<p>\u201cFueron -record\u00f3- momentos llenos de incertidumbre en donde todos tuvimos que adaptarnos a una realidad que se viv\u00eda en el d\u00eda a d\u00eda con noticias, cifras y dem\u00e1s circunstancias que iban postergando el momento de podernos reunir. La situaci\u00f3n de salud se complic\u00f3 y muchos perdimos familiares, compa\u00f1eros y seres queridos en esta pandemia\u201d.<\/p>\n<p>Muchos, dijo, tuvieron que trabajar para apoyar econ\u00f3micamente a su familia. Aun as\u00ed, la mayor\u00eda hizo \u201cun doble, triple o hasta cu\u00e1druple esfuerzo para cumplir con las obligaciones que implica una educaci\u00f3n a distancia, cuando toda la vida hab\u00eda sido presencial\u201d.<\/p>\n<p>Comparti\u00f3 el gusto de ver c\u00f3mo disfrutaban del \u00faltimo a\u00f1o y semestre de manera presencial, \u201cy ahora estamos reunidos en este auditorio de Casa de la Cultura celebrando con ustedes y sus familiares tan importante acontecimiento, que en los dos a\u00f1os anteriores se tuvieron que suspender\u201d.<\/p>\n<p>Por eso, dijo por \u00faltimo, \u201choy es momento de felicitarlos por llegar hasta aqu\u00ed, pues hubo muchos compa\u00f1eras y compa\u00f1eros que por diferentes motivos tuvieron que abandonar sus estudios; as\u00ed que deben sentirse afortunados y agradecidos, as\u00ed como motivados para seguir en el nivel superior\u201d.<\/p>\n<p>Felicit\u00f3, por contribuir a este logro, a las y los docentes, pero sobre todo a los padres y madres de familia, \u201cquienes representaron un soporte fundamental para llegar a este momento, en donde sus hijas e hijos reciben el certificado que acredita la terminaci\u00f3n de sus estudios en el nivel medio superior\u201d.<\/p>\n<p>En esta ceremonia estuvieron, en representaci\u00f3n del rector Christian Torres Ortiz Zerme\u00f1o, Adri\u00e1n L\u00f3pez, delegado del campus Villa de \u00c1lvarez, as\u00ed como Armando Hern\u00e1ndez en nombre de Mart\u00edn Robles, director general de Educaci\u00f3n Media Superior, as\u00ed como Jos\u00e9 de Jes\u00fas Jim\u00e9nez por parte del SUTUC y Eduardo Mendoza por la FEC.<\/p>\n<p>&nbsp;<\/p>\n","protected":false},"excerpt":{"rendered":"<p>*\u201cAun as\u00ed, la mayor\u00eda hizo un doble, triple o hasta cu\u00e1druple esfuerzo para cumplir con las obligaciones que implica una educaci\u00f3n a distancia, cuando toda la vida hab\u00eda sido presencial\u201d, agreg\u00f3 el director del Bachillerato 17. Al entregar los certificados a las y los j\u00f3venes de la generaci\u00f3n 2019-2022 de los bachilleratos 17 y 25&#8230;<\/p>\n","protected":false},"author":2,"featured_media":23209,"comment_status":"open","ping_status":"open","sticky":false,"template":"","format":"standard","meta":{"footnotes":""},"categories":[14],"tags":[29,30,28],"class_list":["post-23208","post","type-post","status-publish","format-standard","has-post-thumbnail","hentry","category-educacion-y-cultura","tag-grid","tag-news","tag-slider"],"_links":{"self":[{"href":"http:\/\/elobservatorio.com.mx\/index.php?rest_route=\/wp\/v2\/posts\/23208"}],"collection":[{"href":"http:\/\/elobservatorio.com.mx\/index.php?rest_route=\/wp\/v2\/posts"}],"about":[{"href":"http:\/\/elobservatorio.com.mx\/index.php?rest_route=\/wp\/v2\/types\/post"}],"author":[{"embeddable":true,"href":"http:\/\/elobservatorio.com.mx\/index.php?rest_route=\/wp\/v2\/users\/2"}],"replies":[{"embeddable":true,"href":"http:\/\/elobservatorio.com.mx\/index.php?rest_route=%2Fwp%2Fv2%2Fcomments&post=23208"}],"version-history":[{"count":0,"href":"http:\/\/elobservatorio.com.mx\/index.php?rest_route=\/wp\/v2\/posts\/23208\/revisions"}],"wp:featuredmedia":[{"embeddable":true,"href":"http:\/\/elobservatorio.com.mx\/index.php?rest_route=\/wp\/v2\/media\/23209"}],"wp:attachment":[{"href":"http:\/\/elobservatorio.com.mx\/index.php?rest_route=%2Fwp%2Fv2%2Fmedia&parent=23208"}],"wp:term":[{"taxonomy":"category","embeddable":true,"href":"http:\/\/elobservatorio.com.mx\/index.php?rest_route=%2Fwp%2Fv2%2Fcategories&post=23208"},{"taxonomy":"post_tag","embeddable":true,"href":"http:\/\/elobservatorio.com.mx\/index.php?rest_route=%2Fwp%2Fv2%2Ftags&post=23208"}],"curies":[{"name":"wp","href":"https:\/\/api.w.org\/{rel}","templated":true}]}}