{"id":23212,"date":"2022-07-11T23:25:21","date_gmt":"2022-07-12T04:25:21","guid":{"rendered":"http:\/\/elobservatorio.com.mx\/?p=23212"},"modified":"2022-07-11T23:25:21","modified_gmt":"2022-07-12T04:25:21","slug":"ayuntamiento-de-colima-suma-historiadores-para-conmemorar-499-aniversario-de-la-villa-de-colima","status":"publish","type":"post","link":"http:\/\/elobservatorio.com.mx\/?p=23212","title":{"rendered":"Ayuntamiento de Colima suma historiadores para conmemorar 499 aniversario de la Villa de Colima"},"content":{"rendered":"<p><em>*Tambi\u00e9n se coordin\u00f3 con la subsecretar\u00eda de Cultura del estado, el Congreso y la Universidad de Colima. <\/em><\/p>\n<p><em>*Se present\u00f3 la propuesta para acu\u00f1ar una moneda conmemorativa de 20 pesos, por los 500 a\u00f1os de la fundaci\u00f3n de la Villa de Colima.<\/em><br aria-hidden=\"true\" \/><br aria-hidden=\"true\" \/>La presidenta municipal de Colima, Margarita Moreno, encabez\u00f3 una reuni\u00f3n en la que sum\u00f3 a los trabajos de coordinaci\u00f3n para la conmemoraci\u00f3n del aniversario de la fundaci\u00f3n de la villa de Colima a historiadores, la Universidad de Colima, el Congreso del Estado y tambi\u00e9n a la Subsecretar\u00eda de Cultura del Gobierno estatal.<br aria-hidden=\"true\" \/><br aria-hidden=\"true\" \/>Durante este encuentro con destacados historiadores, as\u00ed como representantes de la sociedad civil organizada y dem\u00e1s instancias de gobierno, Margarita Moreno manifest\u00f3 que el Ayuntamiento de Colima es de puertas abiertas y busca sumar todas las voluntades y capacidades para conmemorar y celebrar esta fundaci\u00f3n de la Villa de Colima.<br aria-hidden=\"true\" \/><br aria-hidden=\"true\" \/>Este encuentro se realiz\u00f3 en la sala de cabildo y tuvo como marco la develaci\u00f3n de las cartas de relaci\u00f3n de Cort\u00e9s con el Rey Carlos V, sobre la fundaci\u00f3n de la villa de Colima -que fue la octava en ser fundada en la Nueva Espa\u00f1a-, producto de una gesti\u00f3n de seis meses con el museo de Viena, en Austria.<br aria-hidden=\"true\" \/><br aria-hidden=\"true\" \/>En esa Sala de Cabildos, la directora general del Archivo Hist\u00f3rico del Municipio de Colima, Patricia S\u00e1nchez Espinosa, adelant\u00f3 las gestiones que se han realizado para conmemorar este importante hecho hist\u00f3rico, como la presentaci\u00f3n \u00a0de una iniciativa, en la C\u00e1mara de Diputados y el Senado, para que se acu\u00f1en dos monedas conmemorativas de 20 pesos alusivas, al 500 aniversario de la Villa de Colima.<br aria-hidden=\"true\" \/><br aria-hidden=\"true\" \/>En una presentaci\u00f3n, Patricia S\u00e1nchez comparti\u00f3 algunas de las iniciativas para conmemorar este fecha hist\u00f3rica, como la creaci\u00f3n de un libro con los 500 personajes m\u00e1s destacados del estado, una c\u00e1psula del tiempo, as\u00ed como otras propuestas que se enriquecieron con las observaciones de historiadores y representantes de organizaciones y diferentes instancias de gobierno.<br aria-hidden=\"true\" \/><br aria-hidden=\"true\" \/>Durante este encuentro, la presidenta Margarita Moreno escuch\u00f3 los planteamientos de destacados historiadores del estado, l\u00edderes de organizaciones civiles, as\u00ed como representantes de sectores productivos y de las diferentes instancias de gobierno, con quienes propuso un trabajo coordinado y en equipo.<\/p>\n","protected":false},"excerpt":{"rendered":"<p>*Tambi\u00e9n se coordin\u00f3 con la subsecretar\u00eda de Cultura del estado, el Congreso y la Universidad de Colima. *Se present\u00f3 la propuesta para acu\u00f1ar una moneda conmemorativa de 20 pesos, por los 500 a\u00f1os de la fundaci\u00f3n de la Villa de Colima.La presidenta municipal de Colima, Margarita Moreno, encabez\u00f3 una reuni\u00f3n en la que sum\u00f3 a&#8230;<\/p>\n","protected":false},"author":2,"featured_media":23213,"comment_status":"open","ping_status":"open","sticky":false,"template":"","format":"standard","meta":{"footnotes":""},"categories":[36,8],"tags":[29,30,28],"class_list":["post-23212","post","type-post","status-publish","format-standard","has-post-thumbnail","hentry","category-colima","category-municipios","tag-grid","tag-news","tag-slider"],"_links":{"self":[{"href":"http:\/\/elobservatorio.com.mx\/index.php?rest_route=\/wp\/v2\/posts\/23212"}],"collection":[{"href":"http:\/\/elobservatorio.com.mx\/index.php?rest_route=\/wp\/v2\/posts"}],"about":[{"href":"http:\/\/elobservatorio.com.mx\/index.php?rest_route=\/wp\/v2\/types\/post"}],"author":[{"embeddable":true,"href":"http:\/\/elobservatorio.com.mx\/index.php?rest_route=\/wp\/v2\/users\/2"}],"replies":[{"embeddable":true,"href":"http:\/\/elobservatorio.com.mx\/index.php?rest_route=%2Fwp%2Fv2%2Fcomments&post=23212"}],"version-history":[{"count":0,"href":"http:\/\/elobservatorio.com.mx\/index.php?rest_route=\/wp\/v2\/posts\/23212\/revisions"}],"wp:featuredmedia":[{"embeddable":true,"href":"http:\/\/elobservatorio.com.mx\/index.php?rest_route=\/wp\/v2\/media\/23213"}],"wp:attachment":[{"href":"http:\/\/elobservatorio.com.mx\/index.php?rest_route=%2Fwp%2Fv2%2Fmedia&parent=23212"}],"wp:term":[{"taxonomy":"category","embeddable":true,"href":"http:\/\/elobservatorio.com.mx\/index.php?rest_route=%2Fwp%2Fv2%2Fcategories&post=23212"},{"taxonomy":"post_tag","embeddable":true,"href":"http:\/\/elobservatorio.com.mx\/index.php?rest_route=%2Fwp%2Fv2%2Ftags&post=23212"}],"curies":[{"name":"wp","href":"https:\/\/api.w.org\/{rel}","templated":true}]}}