{"id":23215,"date":"2022-07-11T23:55:53","date_gmt":"2022-07-12T04:55:53","guid":{"rendered":"http:\/\/elobservatorio.com.mx\/?p=23215"},"modified":"2022-07-11T23:55:53","modified_gmt":"2022-07-12T04:55:53","slug":"tras-balacera-ejecutan-a-una-mujer-e-hieren-a-dos-hombres-en-colima","status":"publish","type":"post","link":"http:\/\/elobservatorio.com.mx\/?p=23215","title":{"rendered":"Tras balacera ejecutan a una mujer e hieren a dos hombres, en Colima"},"content":{"rendered":"<p>Colima Col.- La noche de este lunes se registr\u00f3 otro ataque armado, en donde perdi\u00f3 la vida una mujer y dos hombres resultaron heridos de gravedad.<\/p>\n<p>Los hechos sucedieron tras registrarse una balacera\u00a0 al oriente de la ciudad de Colima, alrededor de las 9:30 de la noche, sobre la calle Sonora, a unos metros del jard\u00edn de ni\u00f1os de esta colonia, ubicada sobre la zona oriente de la ciudad de Colima.<\/p>\n<div class=\"contenido\">\n<p>Fueron sicarios a bordo de un veh\u00edculo hasta el momento no identificado que\u00a0 dispararon contra un grupo de personas que se encontraba sobre la v\u00eda p\u00fablica, para posteriormente darse a la fuga<\/p>\n<p>Un hombre que recibi\u00f3 una cantidad hasta el momento no especificada de impactos de arma de fuego, huy\u00f3 del lugar y se traslad\u00f3 por cuenta propia a un hospital de esta ciudad, en tanto, en el lugar qued\u00f3 sin vida una mujer, de identidad hasta el momento no establecida, adem\u00e1s de un hombre con heridas de gravedad.<\/p>\n<p>Elementos de seguridad arribaron al lugar e iniciaron las indagaciones sobre este hecho, en tanto no se ha reportado la detenci\u00f3n de alg\u00fan presunto responsable.<\/p>\n<\/div>\n","protected":false},"excerpt":{"rendered":"<p>Colima Col.- La noche de este lunes se registr\u00f3 otro ataque armado, en donde perdi\u00f3 la vida una mujer y dos hombres resultaron heridos de gravedad. Los hechos sucedieron tras registrarse una balacera\u00a0 al oriente de la ciudad de Colima, alrededor de las 9:30 de la noche, sobre la calle Sonora, a unos metros del&#8230;<\/p>\n","protected":false},"author":2,"featured_media":23216,"comment_status":"open","ping_status":"open","sticky":false,"template":"","format":"standard","meta":{"footnotes":""},"categories":[15],"tags":[29,30,28],"class_list":["post-23215","post","type-post","status-publish","format-standard","has-post-thumbnail","hentry","category-seguridad-y-justicia","tag-grid","tag-news","tag-slider"],"_links":{"self":[{"href":"http:\/\/elobservatorio.com.mx\/index.php?rest_route=\/wp\/v2\/posts\/23215"}],"collection":[{"href":"http:\/\/elobservatorio.com.mx\/index.php?rest_route=\/wp\/v2\/posts"}],"about":[{"href":"http:\/\/elobservatorio.com.mx\/index.php?rest_route=\/wp\/v2\/types\/post"}],"author":[{"embeddable":true,"href":"http:\/\/elobservatorio.com.mx\/index.php?rest_route=\/wp\/v2\/users\/2"}],"replies":[{"embeddable":true,"href":"http:\/\/elobservatorio.com.mx\/index.php?rest_route=%2Fwp%2Fv2%2Fcomments&post=23215"}],"version-history":[{"count":0,"href":"http:\/\/elobservatorio.com.mx\/index.php?rest_route=\/wp\/v2\/posts\/23215\/revisions"}],"wp:featuredmedia":[{"embeddable":true,"href":"http:\/\/elobservatorio.com.mx\/index.php?rest_route=\/wp\/v2\/media\/23216"}],"wp:attachment":[{"href":"http:\/\/elobservatorio.com.mx\/index.php?rest_route=%2Fwp%2Fv2%2Fmedia&parent=23215"}],"wp:term":[{"taxonomy":"category","embeddable":true,"href":"http:\/\/elobservatorio.com.mx\/index.php?rest_route=%2Fwp%2Fv2%2Fcategories&post=23215"},{"taxonomy":"post_tag","embeddable":true,"href":"http:\/\/elobservatorio.com.mx\/index.php?rest_route=%2Fwp%2Fv2%2Ftags&post=23215"}],"curies":[{"name":"wp","href":"https:\/\/api.w.org\/{rel}","templated":true}]}}