{"id":2324,"date":"2019-02-12T15:48:16","date_gmt":"2019-02-12T15:48:16","guid":{"rendered":"http:\/\/elobservatorio.com.mx\/realizan-paro-laboral-trabajadores-de-la-semarnat-colima"},"modified":"2019-02-12T15:48:16","modified_gmt":"2019-02-12T15:48:16","slug":"realizan-paro-laboral-trabajadores-de-la-semarnat-colima","status":"publish","type":"post","link":"http:\/\/elobservatorio.com.mx\/?p=2324","title":{"rendered":"Realizan paro laboral trabajadores de la SEMARNAT Colima"},"content":{"rendered":"<p><em>*Se suman al \u201cparo nacional\u201d tambi\u00e9n trabajadores de la Conagua, Conafor y Profepa =Los trabajadores acusan despidos masivos, el incumplimiento de condiciones generales de trabajo en el aspecto de nivelaci\u00f3n de profesionistas<\/em><\/p>\n<p>Trabajadores sindicalizados de la Secretar\u00eda de Medio Ambiente y Recursos Naturales (Semarnat), miembros de la Secci\u00f3n 06 del SNTSEMARNAT se sumaron este lunes al \u201cparo nacional de labores\u201d convocado por su dirigencia nacional.<\/p>\n<p>El Comit\u00e9 Ejecutivo Local Secci\u00f3n 06 Colima del SNTSEMARNAT afirmaron que con esta acci\u00f3n \u201cnos unimos al Paro Nacional en respaldo a nuestro Comit\u00e9 Ejecutivo Nacional tomando las oficinas de la Delegaci\u00f3n de la SEMARNAT en Colima\u201d y se suman, adem\u00e1s, trabajadores del sector: Conagua, Conafor y Profepa.<\/p>\n<p>Los trabajadores sindicalizados de la Secci\u00f3n 06 del SNTSEMARNAT, encabezados por Socorro Herrera D\u00edaz, dio a conocer que en se exigen a las autoridades de la Secretar\u00eda de Medio Ambiente y Recursos Naturales (Semarnat): respeto absoluto a nuestras Condiciones Generales de Trabajo.<\/p>\n<p>Los trabajadores acusan despidos masivos, el incumplimiento de condiciones generales de trabajo en el aspecto de nivelaci\u00f3n de profesionistas.<\/p>\n<p>Entre las demandas est\u00e1 que liberen las plazas por jubilaci\u00f3n, ya que muchos trabajadores que han cumplido con el tiempo establecido en la ley a\u00fan no pueden retirarse por la falta de personal que lo supla.<\/p>\n<p>De igual forma exigieron que se detengan los despidos injustificados de personal que iniciaron con el cambio del Gobierno federal.<br \/>\nEl paro comprende los estados de Colima, Puebla, Sonora, Yucat\u00e1n, Veracruz, Guanajuato y la CDMX, en donde las labores fueron suspendidas y tomadas las instalaciones.<\/p>\n<p>Otras demandas que se est\u00e1n presentando, son el pago inmediato al Nivel 8, a los profesionistas, tema pendiente de a\u00f1os atr\u00e1s; la liberaci\u00f3n de Plazas por Jubilaci\u00f3n, por defunci\u00f3n, Provisionales e Interinatos, que desde el mes de julio no se han podido ocupar, por disposici\u00f3n de la SHCP.<\/p>\n<p>Asimismo, exigen la firma inmediata de la Convocatoria de los Juegos Nacionales, Deportivos y Culturales, tema pendiente desde el a\u00f1o pasado.<\/p>\n<p>Exigieron a la titular de la SEMARNAT Mtra. Josefa Gonz\u00e1lez Blanco Ort\u00edz Mena, di\u00e1logo abierto para resolver la problem\u00e1tica laboral de los Trabajadores en todo el Pa\u00eds.<\/p>\n<p>Asimismo, el cumplimiento a la toma de nota otorgada por el Tribunal de Conciliaci\u00f3n y Arbitraje, otorgada a los trabajadores de tabulador general de confianza.<\/p>\n<p>A este paro laboral se sumaron personal de la Conagua, Conafor y Profepa, ya que son trabajadores del Sector Semarnat.<\/p>\n","protected":false},"excerpt":{"rendered":"<p>*Se suman al \u201cparo nacional\u201d tambi\u00e9n trabajadores de la Conagua, Conafor y Profepa =Los trabajadores acusan despidos masivos, el incumplimiento de condiciones generales de trabajo en el aspecto de nivelaci\u00f3n de profesionistas Trabajadores sindicalizados de la Secretar\u00eda de Medio Ambiente y Recursos Naturales (Semarnat), miembros de la Secci\u00f3n 06 del SNTSEMARNAT se sumaron este lunes&#8230;<\/p>\n","protected":false},"author":2,"featured_media":2325,"comment_status":"open","ping_status":"open","sticky":false,"template":"","format":"standard","meta":{"footnotes":""},"categories":[12],"tags":[29,30,28],"class_list":["post-2324","post","type-post","status-publish","format-standard","has-post-thumbnail","hentry","category-sociedad","tag-grid","tag-news","tag-slider"],"_links":{"self":[{"href":"http:\/\/elobservatorio.com.mx\/index.php?rest_route=\/wp\/v2\/posts\/2324"}],"collection":[{"href":"http:\/\/elobservatorio.com.mx\/index.php?rest_route=\/wp\/v2\/posts"}],"about":[{"href":"http:\/\/elobservatorio.com.mx\/index.php?rest_route=\/wp\/v2\/types\/post"}],"author":[{"embeddable":true,"href":"http:\/\/elobservatorio.com.mx\/index.php?rest_route=\/wp\/v2\/users\/2"}],"replies":[{"embeddable":true,"href":"http:\/\/elobservatorio.com.mx\/index.php?rest_route=%2Fwp%2Fv2%2Fcomments&post=2324"}],"version-history":[{"count":0,"href":"http:\/\/elobservatorio.com.mx\/index.php?rest_route=\/wp\/v2\/posts\/2324\/revisions"}],"wp:featuredmedia":[{"embeddable":true,"href":"http:\/\/elobservatorio.com.mx\/index.php?rest_route=\/wp\/v2\/media\/2325"}],"wp:attachment":[{"href":"http:\/\/elobservatorio.com.mx\/index.php?rest_route=%2Fwp%2Fv2%2Fmedia&parent=2324"}],"wp:term":[{"taxonomy":"category","embeddable":true,"href":"http:\/\/elobservatorio.com.mx\/index.php?rest_route=%2Fwp%2Fv2%2Fcategories&post=2324"},{"taxonomy":"post_tag","embeddable":true,"href":"http:\/\/elobservatorio.com.mx\/index.php?rest_route=%2Fwp%2Fv2%2Ftags&post=2324"}],"curies":[{"name":"wp","href":"https:\/\/api.w.org\/{rel}","templated":true}]}}