{"id":23256,"date":"2022-07-13T13:11:54","date_gmt":"2022-07-13T18:11:54","guid":{"rendered":"http:\/\/elobservatorio.com.mx\/?p=23256"},"modified":"2022-07-13T13:11:54","modified_gmt":"2022-07-13T18:11:54","slug":"la-transformacion-sindical-en-el-gobierno-estatal-se-tiene-que-dar-sergio-fuentes","status":"publish","type":"post","link":"http:\/\/elobservatorio.com.mx\/?p=23256","title":{"rendered":"La transformaci\u00f3n sindical en el gobierno estatal se tiene que dar: Sergio Fuentes"},"content":{"rendered":"<p><em>*Detr\u00e1s de mi est\u00e1 un gran equipo de personas que me respaldan y proponen lo mejor para que esa transformaci\u00f3n sea una realidad, dice el aspirante a la dirigencia de trabajadores al servicio del gobierno del estado.\u00a0<\/em><\/p>\n<p>Colima Col.- <strong>Sergio Fuentes Mendoza<\/strong>, <strong>aspirante a la Dirigencia del Sindicato de Trabajadores al Servicio del Gobierno del Estado, porque transformar al sindicato<\/strong>, manifest\u00f3 que debido a que el pa\u00eds,\u00a0 el mundo est\u00e1 cambiando se necesita transformar y\u00a0 el sindicato tiene una estructura ya establecida y se tiene que transitar hacia una forma diferente de hacer las cosas,\u00a0 de mayor participaci\u00f3n de las mujeres y jovenes que es lo que nos est\u00e1 empujando en este proyecto.<\/p>\n<p>Mediante una entrevista que sostuvo en el programa <strong>#ConTodo<\/strong> que se transmite todos los jueves por e<strong>l Observatorio Noticias<\/strong>, el aspirante a la dirigencia sindical, dijo que busca ese cargo de gran responsabilidad porque lo respaldan\u00a021 a\u00f1os que lleva\u00a0 comisionado en el sindicato y\u00a0 representado diversas carteras ah\u00ed.<\/p>\n<p>\u00abLa verdad si es un reto grande pero lo asumo con mucha responsabilidad para el beneficio de mis compa\u00f1eros, se deben de hacer cosas diferentes, se debe de actuar en una forma m\u00e1s profesional en ese sentido, en una forma m\u00e1s atroactiva y de mayor calidad\u00bb.<\/p>\n<p>Dej\u00f3 en claro no es un proyecto personal,\u00a0 me acompa\u00f1an muchos compa\u00f1eros, de muchas delegaciones, tenemos ya mucha representaci\u00f3n,\u00a0 est\u00e1n sum\u00e1ndose cada d\u00eda m\u00e1s y ellos mismos nos hacen las propuestas, esa es la ventaja,\u00a0 que no es nada m\u00e1s lo que uno piensa, si no que es el sentir de todos ellos que nos est\u00e1n impulsando.<\/p>\n<p><strong>\u00bfNo te est\u00e1s adelantando a los tiempos?<\/strong><\/p>\n<p>El lunes 11 se abre la convocatoria como lo marca el estatuto, que\u00a0 tiene que ser con 30 d\u00edas de anticipaci\u00f3n al Congreso, \u00e9ste deber\u00e1 realizarse el 10 de agosto y votar\u00e1n poco m\u00e1s de 3 mil 300 trabajajadores,\u00a0 la aspiraci\u00f3n no es un adelanto, es una aspiraci\u00f3n leg\u00edtima que nos da la libertad en el estatuto y como tal la hemos presentado al p\u00fablico a mis compa\u00f1eros, hemos tenido reuniones para que sepan que tenemos la intenci\u00f3n de trabajar por el sindicato.<\/p>\n<p><strong>Se espera una elecci\u00f3n limpia y de manera libre\u00a0<\/strong><\/p>\n<p>En nuestro sindicato hay una convocatoria como tal,\u00a0 el voto es libre y secreto y directo en papeleta, es decir, que la confianza la tienen los compa\u00f1eros de poder votar sin ning\u00fan tipo de presi\u00f3n eso es claro y seguro y espero que sea as\u00ed.<\/p>\n<p><strong>\u00bfQui\u00e9n o qui\u00e9nes est\u00e1n detr\u00e1s de ti?<\/strong><\/p>\n<p>Detr\u00e1s de mi est\u00e1n todos mis compa\u00f1eros que me respaldan, son los que est\u00e1n detr\u00e1s de mi, el tema de \u00abTransformaci\u00f3n\u00bb pues mira cuando el Atlas le puso \u00abTransformaci\u00f3n\u00bb a la playera ganaron dos campeonatos, as\u00ed que vamos por la dirigencia del sindicato. La palabra Transformaci\u00f3n no es propiedad\u00a0 de una persona o ideolog\u00eda,\u00a0 es algo que s\u00ed tienes que transitar a una forma de hacer las cosas diferentes.<\/p>\n<p><strong>\u00bfC\u00f3mo han recibido tus propuestas?<\/strong><\/p>\n<p>Les llevo la intenci\u00f3n de trabajar por la dirigencia para ser un sindicato m\u00e1s proactivo y ellos me dan todas las herramientas, todas sus necesidades, c\u00f3mo quieren ver el sindicato en el presente y en el futuro, qu\u00e9 es lo que requieren los compa\u00f1eros eso me lo dicen y eso ser\u00e1 planteado en un programa de trabajo<\/p>\n<p>Vea la entrevista\u00a0 completa en el siguiente link<\/p>\n<p>https:\/\/www.facebook.com\/NoticiasTecoman\/videos\/5257405017712018<\/p>\n<p>&nbsp;<\/p>\n","protected":false},"excerpt":{"rendered":"<p>*Detr\u00e1s de mi est\u00e1 un gran equipo de personas que me respaldan y proponen lo mejor para que esa transformaci\u00f3n sea una realidad, dice el aspirante a la dirigencia de trabajadores al servicio del gobierno del estado.\u00a0 Colima Col.- Sergio Fuentes Mendoza, aspirante a la Dirigencia del Sindicato de Trabajadores al Servicio del Gobierno del&#8230;<\/p>\n","protected":false},"author":2,"featured_media":23257,"comment_status":"open","ping_status":"open","sticky":false,"template":"","format":"standard","meta":{"footnotes":""},"categories":[43],"tags":[29,30,28],"class_list":["post-23256","post","type-post","status-publish","format-standard","has-post-thumbnail","hentry","category-entrevista","tag-grid","tag-news","tag-slider"],"_links":{"self":[{"href":"http:\/\/elobservatorio.com.mx\/index.php?rest_route=\/wp\/v2\/posts\/23256"}],"collection":[{"href":"http:\/\/elobservatorio.com.mx\/index.php?rest_route=\/wp\/v2\/posts"}],"about":[{"href":"http:\/\/elobservatorio.com.mx\/index.php?rest_route=\/wp\/v2\/types\/post"}],"author":[{"embeddable":true,"href":"http:\/\/elobservatorio.com.mx\/index.php?rest_route=\/wp\/v2\/users\/2"}],"replies":[{"embeddable":true,"href":"http:\/\/elobservatorio.com.mx\/index.php?rest_route=%2Fwp%2Fv2%2Fcomments&post=23256"}],"version-history":[{"count":0,"href":"http:\/\/elobservatorio.com.mx\/index.php?rest_route=\/wp\/v2\/posts\/23256\/revisions"}],"wp:featuredmedia":[{"embeddable":true,"href":"http:\/\/elobservatorio.com.mx\/index.php?rest_route=\/wp\/v2\/media\/23257"}],"wp:attachment":[{"href":"http:\/\/elobservatorio.com.mx\/index.php?rest_route=%2Fwp%2Fv2%2Fmedia&parent=23256"}],"wp:term":[{"taxonomy":"category","embeddable":true,"href":"http:\/\/elobservatorio.com.mx\/index.php?rest_route=%2Fwp%2Fv2%2Fcategories&post=23256"},{"taxonomy":"post_tag","embeddable":true,"href":"http:\/\/elobservatorio.com.mx\/index.php?rest_route=%2Fwp%2Fv2%2Ftags&post=23256"}],"curies":[{"name":"wp","href":"https:\/\/api.w.org\/{rel}","templated":true}]}}