{"id":23281,"date":"2022-07-15T13:39:22","date_gmt":"2022-07-15T18:39:22","guid":{"rendered":"http:\/\/elobservatorio.com.mx\/?p=23281"},"modified":"2022-07-15T13:40:38","modified_gmt":"2022-07-15T18:40:38","slug":"la-escuela-formativa-de-futbol-rafa-ortega-ya-es-notoria-en-colima-jalisco-y-michoacan","status":"publish","type":"post","link":"http:\/\/elobservatorio.com.mx\/?p=23281","title":{"rendered":"\u00a0La Escuela Formativa de F\u00fatbol \u00abRafa Ortega\u00bb ya es notoria en Colima, Jalisco y Michoac\u00e1n"},"content":{"rendered":"<div class=\"\" data-block=\"true\" data-editor=\"eajf1\" data-offset-key=\"fj6qf-0-0\">\n<div class=\"_1mf _1mj\" data-offset-key=\"fj6qf-0-0\">Tecom\u00e1n Col.- Debido a su calidad en los entrenamientos deportivos, la escuela formativa de f\u00fatbol \u00abRafa Ortega\u00bb que realiza sus entrenamientos en el campo deportivo \u00abSan Cristobal\u00bb en Tecom\u00e1n, ya trasciende en dos Estados m\u00e1s, como lo es\u00a0 Jalisco y Michoac\u00e1n.<\/div>\n<\/div>\n<div data-offset-key=\"fj6qf-0-0\"><\/div>\n<div data-offset-key=\"fj6qf-0-0\">Cuenta con varias categor\u00edas, 2016, 2014, 2012, 2010, 2008, 2007 y la Cuarta Divisi\u00f3n semi profesional, que es una vitrina para que los jugadores compitan en otras categor\u00edas, en una tercera, segunda divisi\u00f3n o fuerzas basicas profesional.<\/div>\n<div data-offset-key=\"fj6qf-0-0\"><\/div>\n<div data-offset-key=\"fj6qf-0-0\">Los entrenamientos son los lunes y mi\u00e9rcoles, en diferentes horarios, dependiendo de la categor\u00eda, la 2010-2011, entrena a las 4 pm, categor\u00eda 2013- 2016, entrena de 5: 30 a 6:30 pm, categor\u00eda 2009, 2008, 2007 y la Cuarta Divisi\u00f3n entrenan a las 6:40 pm, lunes y mi\u00e9rcoles.<\/div>\n<div data-offset-key=\"fj6qf-0-0\"><\/div>\n<div data-offset-key=\"fj6qf-0-0\">Actualmente la Cuarta Divisi\u00f3n se encuentra en liguilla,\u00a0 en semifinal, que ayer jueves se llev\u00f3 un triunfo de 4 a 2 a favor, ante los Mineros de Pihuamo Jalisco, con goles de<strong> Sa\u00fal Mu\u00f1iz, Luis \u00abel Chiguis\u00bb D\u00edaz, Cristian Gudi\u00f1o y de Iv\u00e1n Maya.<\/strong><\/div>\n<div data-offset-key=\"fj6qf-0-0\"><\/div>\n<div data-offset-key=\"fj6qf-0-0\">El partido de vuelta ser\u00e1 este domingo a las 12 del d\u00eda en el San Cristobal, \u00a1no te lo puedes perder!, partido de vuelta para dar un paso a la final de la Cuarta Divisi\u00f3n Premier<\/div>\n<div class=\"\" data-block=\"true\" data-editor=\"eajf1\" data-offset-key=\"fj6qf-0-0\">\n<div data-offset-key=\"fj6qf-0-0\"><\/div>\n<\/div>\n","protected":false},"excerpt":{"rendered":"<p>Tecom\u00e1n Col.- Debido a su calidad en los entrenamientos deportivos, la escuela formativa de f\u00fatbol \u00abRafa Ortega\u00bb que realiza sus entrenamientos en el campo deportivo \u00abSan Cristobal\u00bb en Tecom\u00e1n, ya trasciende en dos Estados m\u00e1s, como lo es\u00a0 Jalisco y Michoac\u00e1n. Cuenta con varias categor\u00edas, 2016, 2014, 2012, 2010, 2008, 2007 y la Cuarta Divisi\u00f3n&#8230;<\/p>\n","protected":false},"author":2,"featured_media":23282,"comment_status":"open","ping_status":"open","sticky":false,"template":"","format":"standard","meta":{"footnotes":""},"categories":[21],"tags":[29,30,28],"class_list":["post-23281","post","type-post","status-publish","format-standard","has-post-thumbnail","hentry","category-deportes","tag-grid","tag-news","tag-slider"],"_links":{"self":[{"href":"http:\/\/elobservatorio.com.mx\/index.php?rest_route=\/wp\/v2\/posts\/23281"}],"collection":[{"href":"http:\/\/elobservatorio.com.mx\/index.php?rest_route=\/wp\/v2\/posts"}],"about":[{"href":"http:\/\/elobservatorio.com.mx\/index.php?rest_route=\/wp\/v2\/types\/post"}],"author":[{"embeddable":true,"href":"http:\/\/elobservatorio.com.mx\/index.php?rest_route=\/wp\/v2\/users\/2"}],"replies":[{"embeddable":true,"href":"http:\/\/elobservatorio.com.mx\/index.php?rest_route=%2Fwp%2Fv2%2Fcomments&post=23281"}],"version-history":[{"count":0,"href":"http:\/\/elobservatorio.com.mx\/index.php?rest_route=\/wp\/v2\/posts\/23281\/revisions"}],"wp:featuredmedia":[{"embeddable":true,"href":"http:\/\/elobservatorio.com.mx\/index.php?rest_route=\/wp\/v2\/media\/23282"}],"wp:attachment":[{"href":"http:\/\/elobservatorio.com.mx\/index.php?rest_route=%2Fwp%2Fv2%2Fmedia&parent=23281"}],"wp:term":[{"taxonomy":"category","embeddable":true,"href":"http:\/\/elobservatorio.com.mx\/index.php?rest_route=%2Fwp%2Fv2%2Fcategories&post=23281"},{"taxonomy":"post_tag","embeddable":true,"href":"http:\/\/elobservatorio.com.mx\/index.php?rest_route=%2Fwp%2Fv2%2Ftags&post=23281"}],"curies":[{"name":"wp","href":"https:\/\/api.w.org\/{rel}","templated":true}]}}