{"id":23327,"date":"2022-07-19T13:39:08","date_gmt":"2022-07-19T18:39:08","guid":{"rendered":"http:\/\/elobservatorio.com.mx\/?p=23327"},"modified":"2022-07-19T13:39:08","modified_gmt":"2022-07-19T18:39:08","slug":"fiscalia-anticorrupcion-vincula-a-proceso-a-servidora-publica-por-abusar-de-su-autoridad","status":"publish","type":"post","link":"http:\/\/elobservatorio.com.mx\/?p=23327","title":{"rendered":"Fiscal\u00eda Anticorrupci\u00f3n vincula a proceso a servidora p\u00fablica por abusar de su autoridad"},"content":{"rendered":"<p><em>*Los hechos se dieron en marzo del 2020, en el Municipio de Cuauht\u00e9moc.<\/em><\/p>\n<p>La Fiscal\u00eda Especializada en Combate a la Corrupci\u00f3n, obtuvo la vinculaci\u00f3n a proceso en contra de una servidora p\u00fablica que se desempe\u00f1aba como agente de la Polic\u00eda Estatal Acreditada por el hecho que la ley se\u00f1ala como delito de Abuso de Autoridad. Ante el Juez que conoce la causa penal, el Agente del Ministerio P\u00fablico expuso que en marzo del 2020, en la comunidad de Chiapa, Municipio de Cuauht\u00e9moc, la imputada en ejercicio de sus funciones incurri\u00f3 en violencia, vejaciones e insultos en contra de la v\u00edctima.<\/p>\n<p>Por tal motivo, el d\u00eda 18 de julio del presente a\u00f1o, se llev\u00f3 a cabo la audiencia de vinculaci\u00f3n a proceso, donde gracias a los datos de prueba aportados por Fiscal\u00eda Especializada en Combate a la Corrupci\u00f3n, la Jueza concedi\u00f3 dicha vinculaci\u00f3n y estableci\u00f3 al Ministerio P\u00fablico un plazo de dos meses para el cierre de investigaci\u00f3n.<\/p>\n<p>Con dichas acciones realizadas, esta Fiscal\u00eda Especializada, reitera su compromiso con las y los colimenses de entregar los mejores resultados en el combate a la corrupci\u00f3n y asegura que habr\u00e1 cero tolerancia ante este tipo de actos.<\/p>\n","protected":false},"excerpt":{"rendered":"<p>*Los hechos se dieron en marzo del 2020, en el Municipio de Cuauht\u00e9moc. La Fiscal\u00eda Especializada en Combate a la Corrupci\u00f3n, obtuvo la vinculaci\u00f3n a proceso en contra de una servidora p\u00fablica que se desempe\u00f1aba como agente de la Polic\u00eda Estatal Acreditada por el hecho que la ley se\u00f1ala como delito de Abuso de Autoridad&#8230;.<\/p>\n","protected":false},"author":2,"featured_media":23328,"comment_status":"open","ping_status":"open","sticky":false,"template":"","format":"standard","meta":{"footnotes":""},"categories":[15],"tags":[29,30,28],"class_list":["post-23327","post","type-post","status-publish","format-standard","has-post-thumbnail","hentry","category-seguridad-y-justicia","tag-grid","tag-news","tag-slider"],"_links":{"self":[{"href":"http:\/\/elobservatorio.com.mx\/index.php?rest_route=\/wp\/v2\/posts\/23327"}],"collection":[{"href":"http:\/\/elobservatorio.com.mx\/index.php?rest_route=\/wp\/v2\/posts"}],"about":[{"href":"http:\/\/elobservatorio.com.mx\/index.php?rest_route=\/wp\/v2\/types\/post"}],"author":[{"embeddable":true,"href":"http:\/\/elobservatorio.com.mx\/index.php?rest_route=\/wp\/v2\/users\/2"}],"replies":[{"embeddable":true,"href":"http:\/\/elobservatorio.com.mx\/index.php?rest_route=%2Fwp%2Fv2%2Fcomments&post=23327"}],"version-history":[{"count":0,"href":"http:\/\/elobservatorio.com.mx\/index.php?rest_route=\/wp\/v2\/posts\/23327\/revisions"}],"wp:featuredmedia":[{"embeddable":true,"href":"http:\/\/elobservatorio.com.mx\/index.php?rest_route=\/wp\/v2\/media\/23328"}],"wp:attachment":[{"href":"http:\/\/elobservatorio.com.mx\/index.php?rest_route=%2Fwp%2Fv2%2Fmedia&parent=23327"}],"wp:term":[{"taxonomy":"category","embeddable":true,"href":"http:\/\/elobservatorio.com.mx\/index.php?rest_route=%2Fwp%2Fv2%2Fcategories&post=23327"},{"taxonomy":"post_tag","embeddable":true,"href":"http:\/\/elobservatorio.com.mx\/index.php?rest_route=%2Fwp%2Fv2%2Ftags&post=23327"}],"curies":[{"name":"wp","href":"https:\/\/api.w.org\/{rel}","templated":true}]}}