{"id":2334,"date":"2019-02-12T16:29:46","date_gmt":"2019-02-12T16:29:46","guid":{"rendered":"http:\/\/elobservatorio.com.mx\/felipe-cruz-entrega-reconocimiento-a-pablo-cerna-por-45-anos-como-periodista-grafico"},"modified":"2019-02-12T16:30:49","modified_gmt":"2019-02-12T16:30:49","slug":"felipe-cruz-entrega-reconocimiento-a-pablo-cerna-por-45-anos-como-periodista-grafico","status":"publish","type":"post","link":"http:\/\/elobservatorio.com.mx\/?p=2334","title":{"rendered":"Felipe Cruz entrega reconocimiento a Pablo Cerna, por 45 A\u00f1os como Periodista Gr\u00e1fico"},"content":{"rendered":"<p><em>*En su material ha quedado plasmada la memoria del Estado de Colima<\/em><\/p>\n<p>El Presidente Municipal Felipe Cruz Calvario, en nombre del Ayuntamiento de Villa de \u00c1lvarez, hizo entrega de un reconocimiento a Pablo Cerna Campos, por sus 45 a\u00f1os como periodista gr\u00e1fico, durante la ceremonia c\u00edvica de la comuna, del primer lunes de mes, en el Sal\u00f3n de Cabildo.<\/p>\n<p>Acompa\u00f1ado por integrantes del Cabildo y funcionarios municipales, Cruz Calvario ley\u00f3 una breve semblanza del periodista gr\u00e1fico, bas\u00e1ndose, en gran medida, en palabras del tambi\u00e9n periodista colimense y especialista de la cr\u00f3nica Juan Ram\u00f3n Negrete Jim\u00e9nez, quien recuerda la trayectoria de Pablo Cerna en los peri\u00f3dicos El Comentario y Ecos de la Costa, bajo el t\u00edtulo \u201c\u00a1Gracias, Pablo!\u201d, publicada el pasado 15 de enero.<\/p>\n<p>Entre otros materiales gr\u00e1ficos de Cerna Campos, que han quedado para la memoria hist\u00f3rica de Colima, est\u00e1n los sismos de 1995 y 2003, desbordamientos del r\u00edo Colima y otros sucesos que cambiaron la vida de los colimenses, as\u00ed como eventos deportivos de relevancia.<\/p>\n<p>El trabajo period\u00edstico de Pablo Cerna le hizo acreedor a premios nacionales como el \u201cFray Nano\u201d, que otorga la Federaci\u00f3n Mexicana de Cronistas Deportivos; o el Premio Nacional por Trayectoria, que le otorg\u00f3 el Club Primera Plana, as\u00ed como uno m\u00e1s otorgado por la Federaci\u00f3n de Asociaciones de Periodistas Mexicanos (Fapermex).<\/p>\n<p>Por su parte, Pablo Cerna, quien estuvo acompa\u00f1ado por su esposa Leticia Gonz\u00e1lez, agradeci\u00f3 a la autoridad villalvarense, encabezada por Felipe Cruz, por este gesto que, dijo, \u201ces para un villalvarense, porque yo no soy de aqu\u00ed, pero tengo 25 a\u00f1os viviendo y me siento como si hubiera nacido en estas bellas tierras\u201d.<\/p>\n<p>&nbsp;<\/p>\n<p><em>\u00a0<\/em><\/p>\n","protected":false},"excerpt":{"rendered":"<p>*En su material ha quedado plasmada la memoria del Estado de Colima El Presidente Municipal Felipe Cruz Calvario, en nombre del Ayuntamiento de Villa de \u00c1lvarez, hizo entrega de un reconocimiento a Pablo Cerna Campos, por sus 45 a\u00f1os como periodista gr\u00e1fico, durante la ceremonia c\u00edvica de la comuna, del primer lunes de mes, en&#8230;<\/p>\n","protected":false},"author":2,"featured_media":2335,"comment_status":"open","ping_status":"open","sticky":false,"template":"","format":"standard","meta":{"footnotes":""},"categories":[8,42],"tags":[29,30,28],"class_list":["post-2334","post","type-post","status-publish","format-standard","has-post-thumbnail","hentry","category-municipios","category-villa-de-alvarez","tag-grid","tag-news","tag-slider"],"_links":{"self":[{"href":"http:\/\/elobservatorio.com.mx\/index.php?rest_route=\/wp\/v2\/posts\/2334"}],"collection":[{"href":"http:\/\/elobservatorio.com.mx\/index.php?rest_route=\/wp\/v2\/posts"}],"about":[{"href":"http:\/\/elobservatorio.com.mx\/index.php?rest_route=\/wp\/v2\/types\/post"}],"author":[{"embeddable":true,"href":"http:\/\/elobservatorio.com.mx\/index.php?rest_route=\/wp\/v2\/users\/2"}],"replies":[{"embeddable":true,"href":"http:\/\/elobservatorio.com.mx\/index.php?rest_route=%2Fwp%2Fv2%2Fcomments&post=2334"}],"version-history":[{"count":0,"href":"http:\/\/elobservatorio.com.mx\/index.php?rest_route=\/wp\/v2\/posts\/2334\/revisions"}],"wp:featuredmedia":[{"embeddable":true,"href":"http:\/\/elobservatorio.com.mx\/index.php?rest_route=\/wp\/v2\/media\/2335"}],"wp:attachment":[{"href":"http:\/\/elobservatorio.com.mx\/index.php?rest_route=%2Fwp%2Fv2%2Fmedia&parent=2334"}],"wp:term":[{"taxonomy":"category","embeddable":true,"href":"http:\/\/elobservatorio.com.mx\/index.php?rest_route=%2Fwp%2Fv2%2Fcategories&post=2334"},{"taxonomy":"post_tag","embeddable":true,"href":"http:\/\/elobservatorio.com.mx\/index.php?rest_route=%2Fwp%2Fv2%2Ftags&post=2334"}],"curies":[{"name":"wp","href":"https:\/\/api.w.org\/{rel}","templated":true}]}}