{"id":23347,"date":"2022-07-20T13:34:31","date_gmt":"2022-07-20T18:34:31","guid":{"rendered":"http:\/\/elobservatorio.com.mx\/?p=23347"},"modified":"2022-07-20T13:34:31","modified_gmt":"2022-07-20T18:34:31","slug":"ilumina-gobierno-municipal-de-la-villa-el-jardin-de-la-colonia-santa-cristina","status":"publish","type":"post","link":"http:\/\/elobservatorio.com.mx\/?p=23347","title":{"rendered":"Ilumina gobierno municipal de La Villa el jard\u00edn de la colonia Santa Cristina"},"content":{"rendered":"<p class=\"x_gmail-MsoNoSpacing\" style=\"text-align: left;\" align=\"center\"><em>*La Alcaldesa Tey Guti\u00e9rrez atiende de manera prioritaria y emergente acciones de iluminaci\u00f3n en los espacios p\u00fablicos para generar \u201cEntornos Seguros\u201d<\/em>.<\/p>\n<p class=\"x_gmail-MsoNoSpacing\"><b>\u00a0<\/b><b>Villa de \u00c1lvarez, Col. A 20 de Julio de 2022. &#8211;\u00a0\u00a0<\/b>Este martes, qued\u00f3 iluminado el cien por ciento del jard\u00edn de la colonia Santa Cristina, esto como parte de la estrategia para lograr la construcci\u00f3n de paz y seguridad para las y los villalvarenses a trav\u00e9s del programa \u201cEntornos Seguros\u201d que implementa el gobierno municipal encabezado por la Presidenta Tey Guti\u00e9rrez Andrade.<\/p>\n<p class=\"x_gmail-MsoNoSpacing\">En este jard\u00edn se rehabilitaron todas las luminarias de la colonia, tres de \u00e9stas no encend\u00edan porque el cable estaba robado y una l\u00e1mpara m\u00e1s estaba da\u00f1ada por lo que se repuso por una nueva, as\u00ed mismo se coloc\u00f3 un reflector en el \u00e1rea del campo y se despej\u00f3 la l\u00e1mpara ubicada por el \u00e1rea donde se encuentran los aparatos de ejercicio, por lo que qued\u00f3 completamente iluminado el jard\u00edn.<\/p>\n<p class=\"x_gmail-MsoNoSpacing\">Cabe se\u00f1alar que estas acciones tambi\u00e9n son parte del compromiso que la Alcaldesa hizo con las y los villalvarenses de que La Villa se ilumine al 100 por ciento y de manera prioritaria y emergente los espacios p\u00fablicos a trav\u00e9s de un programa estrat\u00e9gico de prevenci\u00f3n de violencia y delincuencia denominado \u201cEntornos Seguros\u201d.<\/p>\n<p class=\"x_gmail-MsoNoSpacing\">En ese contexto la Presidenta Municipal acompa\u00f1ada por integrantes del comit\u00e9 de barrio de la colonia Santa Cristina record\u00f3 que la alianza m\u00e1s importante que puede construir un gobierno es con sus ciudadanos por ello les agradeci\u00f3 hacer equipo con esta administraci\u00f3n para juntos lograr que sus necesidades se convierten en compromisos de gobierno y que estos sean atendidos de manera puntual.<\/p>\n<p class=\"x_gmail-MsoNoSpacing\">Finalmente y despu\u00e9s del encendido de luminarias, la Presidenta del Comit\u00e9 de Barrio Erika Vianey Montero Ram\u00edrez, a nombre de las y los vecinos de esta colonia agradeci\u00f3 por los trabajos realizados pues dijo \u201cahora se ve m\u00e1s bonito nuestro jard\u00edn\u201d.<\/p>\n","protected":false},"excerpt":{"rendered":"<p>*La Alcaldesa Tey Guti\u00e9rrez atiende de manera prioritaria y emergente acciones de iluminaci\u00f3n en los espacios p\u00fablicos para generar \u201cEntornos Seguros\u201d. \u00a0Villa de \u00c1lvarez, Col. A 20 de Julio de 2022. &#8211;\u00a0\u00a0Este martes, qued\u00f3 iluminado el cien por ciento del jard\u00edn de la colonia Santa Cristina, esto como parte de la estrategia para lograr la&#8230;<\/p>\n","protected":false},"author":2,"featured_media":23348,"comment_status":"open","ping_status":"open","sticky":false,"template":"","format":"standard","meta":{"footnotes":""},"categories":[8,42],"tags":[29,30,28],"class_list":["post-23347","post","type-post","status-publish","format-standard","has-post-thumbnail","hentry","category-municipios","category-villa-de-alvarez","tag-grid","tag-news","tag-slider"],"_links":{"self":[{"href":"http:\/\/elobservatorio.com.mx\/index.php?rest_route=\/wp\/v2\/posts\/23347"}],"collection":[{"href":"http:\/\/elobservatorio.com.mx\/index.php?rest_route=\/wp\/v2\/posts"}],"about":[{"href":"http:\/\/elobservatorio.com.mx\/index.php?rest_route=\/wp\/v2\/types\/post"}],"author":[{"embeddable":true,"href":"http:\/\/elobservatorio.com.mx\/index.php?rest_route=\/wp\/v2\/users\/2"}],"replies":[{"embeddable":true,"href":"http:\/\/elobservatorio.com.mx\/index.php?rest_route=%2Fwp%2Fv2%2Fcomments&post=23347"}],"version-history":[{"count":0,"href":"http:\/\/elobservatorio.com.mx\/index.php?rest_route=\/wp\/v2\/posts\/23347\/revisions"}],"wp:featuredmedia":[{"embeddable":true,"href":"http:\/\/elobservatorio.com.mx\/index.php?rest_route=\/wp\/v2\/media\/23348"}],"wp:attachment":[{"href":"http:\/\/elobservatorio.com.mx\/index.php?rest_route=%2Fwp%2Fv2%2Fmedia&parent=23347"}],"wp:term":[{"taxonomy":"category","embeddable":true,"href":"http:\/\/elobservatorio.com.mx\/index.php?rest_route=%2Fwp%2Fv2%2Fcategories&post=23347"},{"taxonomy":"post_tag","embeddable":true,"href":"http:\/\/elobservatorio.com.mx\/index.php?rest_route=%2Fwp%2Fv2%2Ftags&post=23347"}],"curies":[{"name":"wp","href":"https:\/\/api.w.org\/{rel}","templated":true}]}}