{"id":23350,"date":"2022-07-20T14:39:33","date_gmt":"2022-07-20T19:39:33","guid":{"rendered":"http:\/\/elobservatorio.com.mx\/?p=23350"},"modified":"2022-07-20T14:39:33","modified_gmt":"2022-07-20T19:39:33","slug":"gobernadora-evade-compromisos-con-personal-del-emsad-y-telebachilleratos-denuncian-maestros","status":"publish","type":"post","link":"http:\/\/elobservatorio.com.mx\/?p=23350","title":{"rendered":"Gobernadora evade compromisos con personal del EMSAD y Telebachilleratos, denuncian maestros"},"content":{"rendered":"<p><em>A LAS AUTORIDADES FEDERALES Y ESTATALES<\/em><br \/>\n<em>A LOS MEDIOS DE COMUNICACI\u00d3N<\/em><br \/>\n<em>A LA OPINI\u00d3N P\u00daBLICA<\/em><\/p>\n<p>Las y los trabajadores docentes y administrativos de los subsistemas de bachilleratos rurales EMSAD y Telebachilleratos Comunitarios hacemos del conocimiento p\u00fablico lo siguiente:<\/p>\n<p>La gobernadora del Estado,<strong> Indira Vizca\u00edno Silva<\/strong>,<strong> ha evadido su compromiso puntual<\/strong> de atender la regularizaci\u00f3n de ambos subsistemas educativos, al suspender la continuidad de las mesas de trabajo a las que ella misma se comprometi\u00f3 a dar seguimiento, desde el pasado mes de febrero de 2022.<\/p>\n<p>Durante casi 20 a\u00f1os, los sistemas educativos de preparatorias rurales en Colima han sido utilizados de forma sistem\u00e1tica como \u201ccaja chica\u201d por la Secretar\u00eda de Educaci\u00f3n de Colima, al tener a su cargo la administraci\u00f3n del dinero que env\u00eda el Gobierno de la<br \/>\nRep\u00fablica. Existen evidencias reales de corrupci\u00f3n y mal manejo de los recursos p\u00fablicos destinados a ambos subsistemas, y la opacidad y falta de transparencia reinan en la administraci\u00f3n de los mismos.<\/p>\n<p>Con el cambio de partido pol\u00edtico al frente del Poder Ejecutivo estatal, se cre\u00f3 una esperanza de cambio que diera fin a esta situaci\u00f3n, sin embargo todas las problem\u00e1ticas se han agravado, persistiendo las enormes irregularidades, entre las que se encuentran:<\/p>\n<p>\u25cf El constante acoso laboral por parte de las autoridades educativas, especialmente por parte de la Dra. Myrna F\u00e1tima Ram\u00edrez Garc\u00eda, directora de Educaci\u00f3n Media Superior y Superior<\/p>\n<p>\u25cf La alteraci\u00f3n alevosa, unilateral, perjudicial e ilegal de la antig\u00fcedad de todo el<br \/>\npersonal docente y administrativo<\/p>\n<p>\u25cf El doble timbrado para el pago de los maestros de Telebachilleratos Comunitarios<\/p>\n<p>\u25cf La opacidad en el otorgamiento de los formatos \u00fanicos de personal entregados solo a<br \/>\ncierto grupo de docentes,<\/p>\n<p>\u25cf El impago de sueldos al principio de cada a\u00f1o,<\/p>\n<p>\u25cf El pago de sueldos menores a lo que estipulan los Anexos de Operaci\u00f3n del<br \/>\nconvenio entre el gobierno federal y el estatal<\/p>\n<p>\u25cf La falta de pago de varias prestaciones estipuladas en dichos convenios,<\/p>\n<p>\u25cfLa discrecionalidad del otorgamiento y permanencia en los puestos directivos y<br \/>\nplazas,<\/p>\n<p>\u25cf La falta de pago de las cuotas patronales en los pr\u00e9stamos de FOVISSSTE, entre muchas otras.<\/p>\n<p>A pesar que esta situaci\u00f3n lleva casi 20 a\u00f1os, fue solo en fechas recientes que el SNTE 6 ha hecho circular entre la comunidad docente de ambos subsistemas un documento donde exige la soluci\u00f3n a algunas de las situaciones descritas, ante lo que manifestamos abiertamente que dicha organizaci\u00f3n sindical NO NOS REPRESENTA, puesto que durante d\u00e9cadas ha sido c\u00f3mplice de todas y cada una dichas corruptelas y agravios que ahora, de forma convenenciera y falsa, denuncia.<\/p>\n<p>No creemos y por el contrario denunciamos que quienes firman dicho documento, en especial Esteban Rivera Vargas, quien firmaba su jornada laboral en EMSAD sin ir a trabajar, se sirvi\u00f3 de los bachilleratos rurales para encumbrarse y conseguir escalar en la<br \/>\nestructura de dicho sindicato, que jam\u00e1s ha servido para defender los derechos de las y los trabajadores de EMSAD y Telebachilleratos Comunitarios.<\/p>\n<p>Ellos son, en s\u00edntesis, parte insoslayable del problema y jam\u00e1s ser\u00e1n parte de la soluci\u00f3n, por lo que negamos ser utilizados nuevamente para su beneficio particular.<\/p>\n<p>El SNTE 6 NO TIENE la representaci\u00f3n de la mayor\u00eda de los trabajadores de ambos<br \/>\nsubsistemas, ni legalmente y mucho menos moralmente. Si las nuevas autoridades educativas son coherentes con los postulados de su partido en campa\u00f1a y ahora como funcionarios p\u00fablicos \u00bfPor qu\u00e9 pretenden pagarnos menos a los trabajadores, en vez de pagarnos nuestro sueldo completo y con todas las prestaciones que estipulan los convenios? \u00bfPor qu\u00e9 no han actuado jur\u00eddicamente en contra de los funcionarios que participaron en los malos manejos de los recursos p\u00fablicos durante administraciones pasadas? \u00bfPor qu\u00e9 la Secretar\u00eda de Educaci\u00f3n P\u00fablica conoce de dichos malos manejos y no ejerce su poder de revisi\u00f3n y fiscalizaci\u00f3n de los mismos? Por qu\u00e9 se niegan a transparentar el uso de los recursos y los sueldos verdaderos que debemos tener<br \/>\nlas y los trabajadores de EMSAD y Telebachilleratos Comunitarios? \u00bfPor qu\u00e9 se aumentan el sueldo en los puestos de primer nivel en Colima, mientras que a las y los maestros rurales nos niegan nuestro verdadero sueldo?<\/p>\n<p>Estas declaraciones las hacemos en pleno uso de nuestros derechos laborales y humanos, y lejos de buscar la desuni\u00f3n, combatimos la simulaci\u00f3n y la continuidad de las mismas corruptelas al interior del \u00f3rgano sindical y de la autoridad educativa.<\/p>\n<p><strong>GOBERNADORA CUMPLA SU PALABRA<\/strong><br \/>\n<strong>NO M\u00c1S CORRUPCI\u00d3N<\/strong><br \/>\n<strong>NO M\u00c1S SIMULACI\u00d3N<\/strong><br \/>\n<strong>NO M\u00c1S UTILIZACI\u00d3N DE LOS RECURSOS P\u00daBLICOS DE EMSAD Y TBC<\/strong><br \/>\n<strong>FUERA FUNCIONARIOS ACOSADORES Y CORRUPTOS<\/strong><br \/>\n<strong>FUERA FALSOS L\u00cdDERES SINDICALES<\/strong><\/p>\n<p>&nbsp;<\/p>\n","protected":false},"excerpt":{"rendered":"<p>A LAS AUTORIDADES FEDERALES Y ESTATALES A LOS MEDIOS DE COMUNICACI\u00d3N A LA OPINI\u00d3N P\u00daBLICA Las y los trabajadores docentes y administrativos de los subsistemas de bachilleratos rurales EMSAD y Telebachilleratos Comunitarios hacemos del conocimiento p\u00fablico lo siguiente: La gobernadora del Estado, Indira Vizca\u00edno Silva, ha evadido su compromiso puntual de atender la regularizaci\u00f3n de&#8230;<\/p>\n","protected":false},"author":2,"featured_media":23351,"comment_status":"open","ping_status":"open","sticky":false,"template":"","format":"standard","meta":{"footnotes":""},"categories":[12],"tags":[29,30,28],"class_list":["post-23350","post","type-post","status-publish","format-standard","has-post-thumbnail","hentry","category-sociedad","tag-grid","tag-news","tag-slider"],"_links":{"self":[{"href":"http:\/\/elobservatorio.com.mx\/index.php?rest_route=\/wp\/v2\/posts\/23350"}],"collection":[{"href":"http:\/\/elobservatorio.com.mx\/index.php?rest_route=\/wp\/v2\/posts"}],"about":[{"href":"http:\/\/elobservatorio.com.mx\/index.php?rest_route=\/wp\/v2\/types\/post"}],"author":[{"embeddable":true,"href":"http:\/\/elobservatorio.com.mx\/index.php?rest_route=\/wp\/v2\/users\/2"}],"replies":[{"embeddable":true,"href":"http:\/\/elobservatorio.com.mx\/index.php?rest_route=%2Fwp%2Fv2%2Fcomments&post=23350"}],"version-history":[{"count":0,"href":"http:\/\/elobservatorio.com.mx\/index.php?rest_route=\/wp\/v2\/posts\/23350\/revisions"}],"wp:featuredmedia":[{"embeddable":true,"href":"http:\/\/elobservatorio.com.mx\/index.php?rest_route=\/wp\/v2\/media\/23351"}],"wp:attachment":[{"href":"http:\/\/elobservatorio.com.mx\/index.php?rest_route=%2Fwp%2Fv2%2Fmedia&parent=23350"}],"wp:term":[{"taxonomy":"category","embeddable":true,"href":"http:\/\/elobservatorio.com.mx\/index.php?rest_route=%2Fwp%2Fv2%2Fcategories&post=23350"},{"taxonomy":"post_tag","embeddable":true,"href":"http:\/\/elobservatorio.com.mx\/index.php?rest_route=%2Fwp%2Fv2%2Ftags&post=23350"}],"curies":[{"name":"wp","href":"https:\/\/api.w.org\/{rel}","templated":true}]}}