{"id":23527,"date":"2022-08-02T21:29:19","date_gmt":"2022-08-03T02:29:19","guid":{"rendered":"http:\/\/elobservatorio.com.mx\/?p=23527"},"modified":"2022-08-02T21:29:19","modified_gmt":"2022-08-03T02:29:19","slug":"en-jalisco-a-prision-12-exfuncionarios-por-abusos-y-desvios","status":"publish","type":"post","link":"http:\/\/elobservatorio.com.mx\/?p=23527","title":{"rendered":"En Jalisco, a prisi\u00f3n 12 exfuncionarios por abusos y desv\u00edos"},"content":{"rendered":"<p>*Desde el a\u00f1o 2018, la Fiscal\u00eda Anticorrupci\u00f3n ya sent\u00f3 en el banquillo de los acusados a piezas clave en la pasada administraci\u00f3n<\/p>\n<p>Suman 12 exfuncionarios que han pisado la prisi\u00f3n desde la creaci\u00f3n de la Fiscal\u00eda Anticorrupci\u00f3n de Jalisco, a finales de noviembre de 2018, principalmente por abusos de autoridad y desv\u00edos en dependencias como el Instituto de Pensiones (Ipejal), la Comisi\u00f3n Estatal del Agua (CEA), el SIAPA o la Fiscal\u00eda.<\/p>\n<p><strong>Sin embargo, s\u00f3lo seis se encuentran tras las rejas, encabezados por Francisco \u201cA\u201d,<\/strong>\u00a0expresidente del Consejo de Administraci\u00f3n del Ipejal y exsecretario de Educaci\u00f3n en la pasada administraci\u00f3n de Arist\u00f3teles Sandoval, quien fue enviado a prisi\u00f3n preventiva como medida cautelar el pasado mi\u00e9rcoles.<\/p>\n<p>En el caso de\u00a0<strong>Francisco \u201cA\u201d, est\u00e1 en la c\u00e1rcel por \u201cpresuntas irregularidades\u201d mientras se desempe\u00f1\u00f3 en el Ipejal,<\/strong>\u00a0tras una inversi\u00f3n fallida de 250 millones de pesos en bonos de deuda de la empresa constructora Abengoa.<\/p>\n<p>Otro de los detenidos es\u00a0Antonio \u201cC\u201d, exsecretario de Salud. A pesar de un centenar de amparos, fue aprehendido el 13 de abril por posibles irregularidades por 605 millones. Se suma Felipe \u201cT\u201d, exdirector de la CEA, quien ten\u00eda una orden de aprehensi\u00f3n vigente por no presentarse a las audiencias previas relacionadas con la investigaci\u00f3n por el presunto desv\u00edo de 58 millones de pesos\u00a0en la pasada administraci\u00f3n<\/p>\n<p><strong>Jos\u00e9 Eduardo \u201cN\u201d,<\/strong>\u00a0exsubdirector de Tecnolog\u00edas de la Informaci\u00f3n del SIAPA, est\u00e1 vinculado y en prisi\u00f3n seis meses por autorizar el pago de 13.6 millones de pesos por un software que nunca funcion\u00f3.<\/p>\n<p>Por otra parte, entre los funcionarios que tambi\u00e9n fueron detenidos, pero ya se encuentran en libertad, figuran el extitular de la Secretar\u00eda de Desarrollo e Integraci\u00f3n Social,\u00a0<strong>Miguel \u201cC\u201d,\u00a0<\/strong>a quien se le dio prisi\u00f3n preventiva en enero de 2020 tras desacatar el resguardo domiciliario, luego de ser vinculado a proceso por el delito de uso indebido de atribuciones y facultades.<\/p>\n<p><strong>Dos polic\u00edas investigadores estuvieron presos. La Fiscal\u00eda Anticorrupci\u00f3n les inici\u00f3 un proceso luego del llamado \u201cHalconazo tapat\u00edo\u201d<\/strong>\u00a0ocurrido el 5 de junio de 2020, tras la muerte de Giovanni L\u00f3pez. Los agentes de la Fiscal\u00eda General realizaron privaciones ilegales de la libertad a decenas de j\u00f3venes que acud\u00edan a manifestarse. Los dos quedaron en libertad tras lograr la suspensi\u00f3n condicional del proceso acatando una serie de medidas, como la reparaci\u00f3n del da\u00f1o.<\/p>\n<h4>En prisi\u00f3n<\/h4>\n<p><strong>Francisco \u201cA\u201d<\/strong><\/p>\n<p>Expresidente del Consejo de Administraci\u00f3n del Ipejal (hoy martes se resuelve si se queda en prisi\u00f3n preventiva).<\/p>\n<p><strong>Antonio \u201cC\u201d<\/strong><\/p>\n<p>Exsecretario de Salud (en prisi\u00f3n hasta octubre).<\/p>\n<p><strong>Felipe \u201cT\u201d<\/strong><\/p>\n<p>Exdirector de la Comisi\u00f3n Estatal de Agua (en prisi\u00f3n hasta enero)<\/p>\n<p><strong>Katia \u201cA\u201d,\u00a0<\/strong>exjefa de Administraci\u00f3n de Fondos del Ipejal (en prisi\u00f3n hasta diciembre).<\/p>\n<p><strong>Jos\u00e9 Eduardo \u201cN\u201d,<\/strong>\u00a0exsubdirector de Tecnolog\u00edas de Informaci\u00f3n del SIAPA (en prisi\u00f3n hasta diciembre)<\/p>\n<p><strong>Fidel Armando \u201cR\u201d,<\/strong>\u00a0exdirector general del Ipejal (estuvo en la c\u00e1rcel; seguir\u00e1 en prisi\u00f3n domiciliaria hasta diciembre).<\/p>\n<h4>Fuera de prisi\u00f3n<\/h4>\n<p><strong>Miguel \u201cC\u201d,<\/strong>\u00a0extitular de la Secretar\u00eda de Desarrollo e Integraci\u00f3n Social de Jalisco.<\/p>\n<p><strong>Pedro \u201cA\u201d,<\/strong>\u00a0exjefe de Planeaci\u00f3n, Programaci\u00f3n y Presupuestaci\u00f3n del Instituto de Justicia Alternativa (IJA).<\/p>\n<p><strong>Salvador \u201cP\u201d,<\/strong>\u00a0polic\u00eda investigador se\u00f1alado por el \u201cHalconazo tapat\u00edo\u201d.<\/p>\n<p><strong>Ra\u00fal \u201cM\u201d,\u00a0<\/strong>polic\u00eda investigador se\u00f1alado por el \u201cHalconazo tapat\u00edo\u201d.<\/p>\n<p><strong>Nayeli \u201cG\u201d,<\/strong>\u00a0agente del Ministerio P\u00fablico.<\/p>\n<p><strong>Ezequiel \u201cN\u201d,\u00a0<\/strong>ciclopolic\u00eda de Tonal\u00e1.<\/p>\n<p><em>Con informaci\u00f3n de Elinformador.mx\u00a0<\/em><\/p>\n","protected":false},"excerpt":{"rendered":"<p>*Desde el a\u00f1o 2018, la Fiscal\u00eda Anticorrupci\u00f3n ya sent\u00f3 en el banquillo de los acusados a piezas clave en la pasada administraci\u00f3n Suman 12 exfuncionarios que han pisado la prisi\u00f3n desde la creaci\u00f3n de la Fiscal\u00eda Anticorrupci\u00f3n de Jalisco, a finales de noviembre de 2018, principalmente por abusos de autoridad y desv\u00edos en dependencias como&#8230;<\/p>\n","protected":false},"author":2,"featured_media":23528,"comment_status":"open","ping_status":"open","sticky":false,"template":"","format":"standard","meta":{"footnotes":""},"categories":[16],"tags":[29,30,28],"class_list":["post-23527","post","type-post","status-publish","format-standard","has-post-thumbnail","hentry","category-gobierno","tag-grid","tag-news","tag-slider"],"_links":{"self":[{"href":"http:\/\/elobservatorio.com.mx\/index.php?rest_route=\/wp\/v2\/posts\/23527"}],"collection":[{"href":"http:\/\/elobservatorio.com.mx\/index.php?rest_route=\/wp\/v2\/posts"}],"about":[{"href":"http:\/\/elobservatorio.com.mx\/index.php?rest_route=\/wp\/v2\/types\/post"}],"author":[{"embeddable":true,"href":"http:\/\/elobservatorio.com.mx\/index.php?rest_route=\/wp\/v2\/users\/2"}],"replies":[{"embeddable":true,"href":"http:\/\/elobservatorio.com.mx\/index.php?rest_route=%2Fwp%2Fv2%2Fcomments&post=23527"}],"version-history":[{"count":0,"href":"http:\/\/elobservatorio.com.mx\/index.php?rest_route=\/wp\/v2\/posts\/23527\/revisions"}],"wp:featuredmedia":[{"embeddable":true,"href":"http:\/\/elobservatorio.com.mx\/index.php?rest_route=\/wp\/v2\/media\/23528"}],"wp:attachment":[{"href":"http:\/\/elobservatorio.com.mx\/index.php?rest_route=%2Fwp%2Fv2%2Fmedia&parent=23527"}],"wp:term":[{"taxonomy":"category","embeddable":true,"href":"http:\/\/elobservatorio.com.mx\/index.php?rest_route=%2Fwp%2Fv2%2Fcategories&post=23527"},{"taxonomy":"post_tag","embeddable":true,"href":"http:\/\/elobservatorio.com.mx\/index.php?rest_route=%2Fwp%2Fv2%2Ftags&post=23527"}],"curies":[{"name":"wp","href":"https:\/\/api.w.org\/{rel}","templated":true}]}}