{"id":23574,"date":"2022-08-03T21:34:26","date_gmt":"2022-08-04T02:34:26","guid":{"rendered":"http:\/\/elobservatorio.com.mx\/?p=23574"},"modified":"2022-08-03T21:34:26","modified_gmt":"2022-08-04T02:34:26","slug":"ayuntamiento-de-colima-alista-actividades-por-el-dia-internacional-de-la-juventud","status":"publish","type":"post","link":"http:\/\/elobservatorio.com.mx\/?p=23574","title":{"rendered":"Ayuntamiento de Colima alista actividades por el D\u00eda Internacional de la Juventud"},"content":{"rendered":"<p class=\"x_MsoNormal\"><em>*Preparan 19 talleres, charlas, exposiciones y eventos deportivos para hacer conciencia de una juventud constructiva<\/em><\/p>\n<p class=\"x_MsoNormal\">El Ayuntamiento de Colima, encabezado por Margarita Moreno, alista un total de 19 actividades, entre eventos culturales, talleres, conferencias y exposiciones para celebrar este 12 de agosto el D\u00eda Internacional de la Juventud, marco en el que se concientizar\u00e1 sobre la importancia de la participaci\u00f3n constructiva de este sector de la poblaci\u00f3n en la sociedad.<\/p>\n<p class=\"x_MsoNormal\">A trav\u00e9s del Instituto de la Juventud para el Municipio de Colima se arranc\u00f3 este mes con actividades cuyo prop\u00f3sito es impulsar una juventud m\u00e1s activa, inclusiva, tolerante, propositiva y que tenga un espacio y foro para expresar su potencial creativo y constructivo.<\/p>\n<p class=\"x_MsoNormal\">Estas actividades continuar\u00e1n todo este mes de agosto, hasta el 03 de septiembre, con conferencias como: \u201cSalud reproductiva y sexual para adolescentes y j\u00f3venes\u201d, la charla\u00a0\u00a0Juventudes emprendedoras, el taller La hora SAT \u201cPasos b\u00e1sicos para sobrevivir al SATan\u00e1s\u201d, El ABC de emprender.<\/p>\n<p class=\"x_MsoNormal\">Asimismo, se impulsar\u00e1 el inicio del Mural Juventudes del presente, un torneo de Handball y Volleybol, una master class de Yoga, la charla Cruzando mares, un torneo de futbol de categor\u00eda de 14 a 17 a\u00f1os; la charla Justicia Clim\u00e1tica, la proyecci\u00f3n de una pel\u00edcula documental.<\/p>\n<p class=\"x_MsoNormal\">De igual forma, se implementar\u00e1n talleres de intervenci\u00f3n art\u00edstica en piezas de yeso, de El arte de hablar en p\u00fablico y se arrancar\u00e1 el festival Tardes entre palmeras. Las fechas, horarios y lugares de todas estas actividades se pueden consultar en la p\u00e1gina oficial del Ayuntamiento de Colima y en su redes sociales.<\/p>\n","protected":false},"excerpt":{"rendered":"<p>*Preparan 19 talleres, charlas, exposiciones y eventos deportivos para hacer conciencia de una juventud constructiva El Ayuntamiento de Colima, encabezado por Margarita Moreno, alista un total de 19 actividades, entre eventos culturales, talleres, conferencias y exposiciones para celebrar este 12 de agosto el D\u00eda Internacional de la Juventud, marco en el que se concientizar\u00e1 sobre&#8230;<\/p>\n","protected":false},"author":2,"featured_media":23575,"comment_status":"open","ping_status":"open","sticky":false,"template":"","format":"standard","meta":{"footnotes":""},"categories":[36,8],"tags":[29,30,28],"class_list":["post-23574","post","type-post","status-publish","format-standard","has-post-thumbnail","hentry","category-colima","category-municipios","tag-grid","tag-news","tag-slider"],"_links":{"self":[{"href":"http:\/\/elobservatorio.com.mx\/index.php?rest_route=\/wp\/v2\/posts\/23574"}],"collection":[{"href":"http:\/\/elobservatorio.com.mx\/index.php?rest_route=\/wp\/v2\/posts"}],"about":[{"href":"http:\/\/elobservatorio.com.mx\/index.php?rest_route=\/wp\/v2\/types\/post"}],"author":[{"embeddable":true,"href":"http:\/\/elobservatorio.com.mx\/index.php?rest_route=\/wp\/v2\/users\/2"}],"replies":[{"embeddable":true,"href":"http:\/\/elobservatorio.com.mx\/index.php?rest_route=%2Fwp%2Fv2%2Fcomments&post=23574"}],"version-history":[{"count":0,"href":"http:\/\/elobservatorio.com.mx\/index.php?rest_route=\/wp\/v2\/posts\/23574\/revisions"}],"wp:featuredmedia":[{"embeddable":true,"href":"http:\/\/elobservatorio.com.mx\/index.php?rest_route=\/wp\/v2\/media\/23575"}],"wp:attachment":[{"href":"http:\/\/elobservatorio.com.mx\/index.php?rest_route=%2Fwp%2Fv2%2Fmedia&parent=23574"}],"wp:term":[{"taxonomy":"category","embeddable":true,"href":"http:\/\/elobservatorio.com.mx\/index.php?rest_route=%2Fwp%2Fv2%2Fcategories&post=23574"},{"taxonomy":"post_tag","embeddable":true,"href":"http:\/\/elobservatorio.com.mx\/index.php?rest_route=%2Fwp%2Fv2%2Ftags&post=23574"}],"curies":[{"name":"wp","href":"https:\/\/api.w.org\/{rel}","templated":true}]}}