{"id":23600,"date":"2022-08-05T15:24:28","date_gmt":"2022-08-05T20:24:28","guid":{"rendered":"http:\/\/elobservatorio.com.mx\/?p=23600"},"modified":"2022-08-05T15:24:28","modified_gmt":"2022-08-05T20:24:28","slug":"regidora-laura-montes-entrega-a-contraloria-pruebas-y-nombres-de-los-aviadores-del-ayuntamiento","status":"publish","type":"post","link":"http:\/\/elobservatorio.com.mx\/?p=23600","title":{"rendered":"Regidora Laura Montes entrega a Contralor\u00eda pruebas y nombres de los aviadores del Ayuntamiento"},"content":{"rendered":"<p><em>*Recibe el respaldo de diputados locales del PRI y la regidora priista de Manzanillo Sara Valdovinos<\/em><\/p>\n<p><em>*Presenta evidencias, nombres y recibos de n\u00f3mina de los aviadores<\/em><\/p>\n<p>Tecom\u00e1n Col.- La ma\u00f1ana de este viernes, la regidora Laura Maontes Camacho present\u00f3 las pruebas de sus acusaciones sobre aviadores del ayuntamiento, ante la Contralor\u00eda municipal, en donde estuvo acompa\u00f1ada de diputados del PRI y la regidora Sara Valdovinos, del municipio de Manzanillo.<\/p>\n<p>Durante la rueda de prensa esto fue lo que dijo:<\/p>\n<p>Como es del dominio p\u00fablico en la pasada sesi\u00f3n de cabildo denunciamos la presencia de tres personas que est\u00e1n dadas de alta en la direcci\u00f3n de servicios p\u00fablicos, devengando un salario sin asistir a sus centros de trabajo. A la vez expusimos una acta notarial para dar de fe de que al acudir al centro de trabajo y al preguntarle al coordinador administrativo si los conoc\u00eda y dijo que no.<\/p>\n<p>Acto seguido, un d\u00eda despu\u00e9s de hacer p\u00fablica toda esta informaci\u00f3n, acud\u00ed a Recursos Humanos, Contralor\u00eda y Unidad de Transparencia municipal a solicitar los recibos de n\u00f3minas de las tres personas involucradas<\/p>\n<p>como respuesta inmediata a que yo fu\u00ed a requerir por oficio viene Contralor\u00eda a mi oficina a trav\u00e9s del Director de Invtesigaci\u00f3n y Faltas Administrativas Salvador Den\u00eds Preciado, obviamente enviado por el Contralor municipal Salvador Casta\u00f1eda Meill\u00f3n donde me requieren a que exponga las pruebas en las que compruebe el dicho que hab\u00eda denunciado.<\/p>\n<p>Lo importante que quiero mencionar es que en ese escrito ellos transcriben unos art\u00edculos tanto del reglamento como de la ley donde me diven que solo tengo 5 d\u00edas para contestar en dado caso que no lo haga as\u00ed, puedo incurrir en desacato, la ley establece que tentgo derecho de 5 a 15 d\u00edas para contestar, que tengo derecho a solicitar la ampliaci\u00f3n del plazo si no tengo toda la informaci\u00f3n, pero ellos dicen que incurro en desacato y que es una falta administrita que la ley en la materia la considera como grave<\/p>\n<p>Aqu\u00ed lo grave es que yo no soy el ente que genera la informaci\u00f3n, que es una tristeza que Contralor\u00eda venga y me diga que es una falta grave cuando lo grave es que supuestos trabajadores del ayuntamiento est\u00e9n devengando un salario sin trabajar.<\/p>\n<p>No obstante, cuando me requiere le dije que con mucho gusto le recib\u00eda la notificaci\u00f3n en presencia de los medios de comunicaci\u00f3n, pero cuando llegaron, los funcionarios ya se habi\u00e1n retirado, antes de eso, le habl\u00e9 a la Secretaria del Ayuntamiento que viniera a dar fe de la forma en que me estaban requiriendo y de lo que seg\u00fan ellos me estaban obligando cuando no es mi responsabilidad pero no lleg\u00f3.<\/p>\n<p>Nos obstante a todo esto dije que comparecer\u00eda en los t\u00e9rminos que ellos me lo estaban pidiendo sin embargo en el mismo escrito que hoy vamos a presenta, seremos muy puntuales qu\u00e9 es lo que a m\u00ed me toca y qu\u00e9 es lo que a ellos les toca pero lo que nosotros queremos o en este momento nos ocupa, es que no se siga mal utilizando el dinero p\u00fablico que las personas que no est\u00e1n yendo a trabajar no cobren un salario porque eso le afecta a la ciudadan\u00eda y (nosotros )estamos en la voluntad de trabajar en equipo con ellos para esclarecer esta situaci\u00f3n y darle una explicaci\u00f3n a las personas<\/p>\n<p>Por lo tanto el t\u00e9rmino para exhibir las pruebas que ellos me solicitaron se vence el de hoy por eso es que quiero hacer p\u00fablico el escrito y las evidencias para que tambi\u00e9n Contralor\u00eda en su momento nos expliquen de c\u00f3mo las valorarono o qu\u00e9 indagatoria est\u00e1n haciendo por parte de ellos para lograr castigar a los responsables en caso dado que se compruebe el \u00edlicito, a qu\u00e9 instancias m\u00e1s van a turnar porque esto no es nada m\u00e1s que una falta grave, sino que tambi\u00e9n hay delitos que perseguir y hay que dar cuenta a otros organos y dice as\u00ed:<\/p>\n<p>Por este conducto me dirijo a usted de la manera m\u00e1s atenta en relaci\u00f3n a lo se\u00f1alado en su oficio OIC\/D1\/109\/2022 realizados de manera intimidatoria referente a la situaci\u00f3n que denuncie en la XI sesi\u00f3n ordinaria celebrada el jueves 28 de julio del presente a\u00f1o, sobre trabajadores que est\u00e1n dados de alta en la direcci\u00f3n de servicios p\u00fablicos municipales del H.Ayuntamiento,\u00a0 que no se presentan a laborar y aunado a esto, ni el director administrativo ni el director de esa dependencia los conoce,\u00a0 ni por su nombre o fisicamente.<\/p>\n<p>Al respecto debo recordarle que acorde al reglamento del gobierno municipal especificamente la fracci\u00f3n IX del art\u00edculo 197, usted se encuentra facultado para investigar de oficio las investigaciones sobre actos de posible responsabilidad administrativa\u00a0 y de conformidad en lo se\u00f1alado en la fracci\u00f3n III del mismo art\u00edculo,\u00a0 a qui\u00e9n se le debe solicitar la informaci\u00f3n respectiva, es a las unidades administrativas de la administraci\u00f3n p\u00fablica(&#8230;)<\/p>\n<p>Los aviadores\u00a0 son: Carlos Antonio P\u00e9rez Torres, Jonath\u00e1n Quir\u00f3z Gam\u00e9z y Edurado Guzm\u00e1n S\u00e1nchez, escucha el video completo en el siguiente clic.\u00a0(Advertencia: audio falla hasta el min 4)<\/p>\n<p>https:\/\/www.facebook.com\/NoticiasTecoman\/videos\/1156176678307644<\/p>\n<p>&nbsp;<\/p>\n<p>&nbsp;<\/p>\n<p>&nbsp;<\/p>\n<p>&nbsp;<\/p>\n<p>&nbsp;<\/p>\n","protected":false},"excerpt":{"rendered":"<p>*Recibe el respaldo de diputados locales del PRI y la regidora priista de Manzanillo Sara Valdovinos *Presenta evidencias, nombres y recibos de n\u00f3mina de los aviadores Tecom\u00e1n Col.- La ma\u00f1ana de este viernes, la regidora Laura Maontes Camacho present\u00f3 las pruebas de sus acusaciones sobre aviadores del ayuntamiento, ante la Contralor\u00eda municipal, en donde estuvo&#8230;<\/p>\n","protected":false},"author":2,"featured_media":23601,"comment_status":"open","ping_status":"open","sticky":false,"template":"","format":"standard","meta":{"footnotes":""},"categories":[8,34],"tags":[29,30,28],"class_list":["post-23600","post","type-post","status-publish","format-standard","has-post-thumbnail","hentry","category-municipios","category-tecoman","tag-grid","tag-news","tag-slider"],"_links":{"self":[{"href":"http:\/\/elobservatorio.com.mx\/index.php?rest_route=\/wp\/v2\/posts\/23600"}],"collection":[{"href":"http:\/\/elobservatorio.com.mx\/index.php?rest_route=\/wp\/v2\/posts"}],"about":[{"href":"http:\/\/elobservatorio.com.mx\/index.php?rest_route=\/wp\/v2\/types\/post"}],"author":[{"embeddable":true,"href":"http:\/\/elobservatorio.com.mx\/index.php?rest_route=\/wp\/v2\/users\/2"}],"replies":[{"embeddable":true,"href":"http:\/\/elobservatorio.com.mx\/index.php?rest_route=%2Fwp%2Fv2%2Fcomments&post=23600"}],"version-history":[{"count":0,"href":"http:\/\/elobservatorio.com.mx\/index.php?rest_route=\/wp\/v2\/posts\/23600\/revisions"}],"wp:featuredmedia":[{"embeddable":true,"href":"http:\/\/elobservatorio.com.mx\/index.php?rest_route=\/wp\/v2\/media\/23601"}],"wp:attachment":[{"href":"http:\/\/elobservatorio.com.mx\/index.php?rest_route=%2Fwp%2Fv2%2Fmedia&parent=23600"}],"wp:term":[{"taxonomy":"category","embeddable":true,"href":"http:\/\/elobservatorio.com.mx\/index.php?rest_route=%2Fwp%2Fv2%2Fcategories&post=23600"},{"taxonomy":"post_tag","embeddable":true,"href":"http:\/\/elobservatorio.com.mx\/index.php?rest_route=%2Fwp%2Fv2%2Ftags&post=23600"}],"curies":[{"name":"wp","href":"https:\/\/api.w.org\/{rel}","templated":true}]}}