{"id":23684,"date":"2022-08-15T14:37:58","date_gmt":"2022-08-15T19:37:58","guid":{"rendered":"http:\/\/elobservatorio.com.mx\/?p=23684"},"modified":"2022-08-15T14:37:58","modified_gmt":"2022-08-15T19:37:58","slug":"repara-villa-de-alvarez-puente-y-camino-que-comunica-al-mixcoate-y-pueblo-nuevo","status":"publish","type":"post","link":"http:\/\/elobservatorio.com.mx\/?p=23684","title":{"rendered":"Repara Villa de \u00c1lvarez puente y camino que comunica al Mixcoate y Pueblo Nuevo"},"content":{"rendered":"<p class=\"x_gmail-MsoNoSpacing\"><span lang=\"ES-MX\">*Instruye Tey Guti\u00e9rrez a consolidar esas v\u00edas de comunicaci\u00f3n.<\/span><\/p>\n<p class=\"x_gmail-MsoNoSpacing\"><span lang=\"ES-MX\">*Sostuvo Alcaldesa reuni\u00f3n con las autoridades auxiliares de las comunidades rurales.<\/span><\/p>\n<p class=\"x_gmail-MsoNoSpacing\"><b><span lang=\"ES-MX\">\u00a0<\/span><\/b><b><span lang=\"ES-MX\">Villa de \u00c1lvarez, Col.-\u00a0<\/span><\/b><span lang=\"ES-MX\">Este fin de semana el Ayuntamiento de Villa de \u00c1lvarez inici\u00f3 los trabajos de reparaci\u00f3n del puente peatonal y del camino que cruzan el Arroyo San Palmar, para restablecer la comunicaci\u00f3n entre las comunidades del Mixcoate y Pueblo Nuevo.<\/span><\/p>\n<p class=\"x_gmail-MsoNoSpacing\"><span lang=\"ES-MX\">\u00a0<\/span><span lang=\"ES-MX\">Al arranque de esos trabajos de rehabilitaci\u00f3n acudi\u00f3 la Presidenta Municipal Tey Guti\u00e9rrez Andrade, quien instruy\u00f3 al personal\u00a0 de la Direcci\u00f3n de Planeaci\u00f3n, Desarrollo\u00a0 Urbano y Obras P\u00fablicas, a consolidar esas v\u00edas de comunicaci\u00f3n, pues son permanentes las actividades econ\u00f3micas y escolares entre ambas poblaciones.<\/span><\/p>\n<p class=\"x_gmail-MsoNoSpacing\"><span lang=\"ES-MX\">\u00a0<\/span><span lang=\"ES-MX\">El puente peatonal atirantado, afectado por las lluvias del pasado temporal que provocaron el colapso de su base principal, al igual que el camino, se prev\u00e9 concluyan de rehabilitarse en los \u00faltimos d\u00edas del mes de agosto, seg\u00fan estimaciones de Juan Carlos Casta\u00f1eda, Direcci\u00f3n de Planeaci\u00f3n, Desarrollo\u00a0 Urbano y Obras P\u00fablicas Municipales.<\/span><\/p>\n<p class=\"x_gmail-MsoNoSpacing\"><span lang=\"ES-MX\">\u00a0<\/span><span lang=\"ES-MX\">El funcionario municipal explic\u00f3 que la proyecci\u00f3n es tener rehabilitado el camino y el puente peatonal para el mes de septiembre, que estad\u00edsticamente\u00a0 es el que presenta las lluvias m\u00e1s fuertes del a\u00f1o.<\/span><\/p>\n<p class=\"x_gmail-MsoNoSpacing\"><span lang=\"ES-MX\">\u00a0<\/span><b><span lang=\"ES-MX\">REUNI\u00d3N COMUNIDADES RURALES<\/span><\/b><\/p>\n<p class=\"x_gmail-MsoNoSpacing\"><span lang=\"ES-MX\">\u00a0<\/span><span lang=\"ES-MX\">Tambi\u00e9n este fin de semana se llev\u00f3 a cabo la reuni\u00f3n mensual que la Presidenta Tey Guti\u00e9rrez sostiene con las autoridades auxiliares de las comunidades rurales, que en esta ocasi\u00f3n se realiz\u00f3 en la localidad del Mixcoate.<\/span><\/p>\n<p class=\"x_gmail-MsoNoSpacing\"><span lang=\"ES-MX\">\u00a0<\/span><span lang=\"ES-MX\">Entre los compromisos acordados con las comisarias y los comisarios municipales, est\u00e1n la realizaci\u00f3n de trabajos de bacheo en el tramo que va del relleno sanitario al Mixcoate, reparaci\u00f3n de empedrados en Juluapan y Pueblo Nuevo y elaboraci\u00f3n del proyecto de un puente peatonal en El Nuevo Naranjal.<\/span><\/p>\n<p class=\"x_gmail-MsoNoSpacing\"><span lang=\"ES-MX\">\u00a0<\/span><span lang=\"ES-MX\">En materia de alumbrado el p\u00fablico, se rehabilitar\u00e1n las luminarias del camino que lleva a la escuela del Nuevo Naranjal, colocaci\u00f3n de una l\u00e1mpara en El Mixcoate y dos en La Lima; adem\u00e1s de diversas acciones en materia de limpia y sanidad y la reactivaci\u00f3n del barrido de tuberculosis.<\/span><\/p>\n<p class=\"x_gmail-MsoNoSpacing\"><span lang=\"ES-MX\">\u00a0<\/span><span lang=\"ES-MX\">A la gira de trabajo por la comunidad del Mixcoate acompa\u00f1aron a la Alcaldesa el Secretario del Ayuntamiento; Alfredo Ch\u00e1vez, adem\u00e1s de funcionarios de la Direcci\u00f3n de Servicios P\u00fablicos Generales y de la\u00a0 Direcci\u00f3n de Planeaci\u00f3n, Desarrollo\u00a0 Urbano y Obras P\u00fablicas.<\/span><\/p>\n","protected":false},"excerpt":{"rendered":"<p>*Instruye Tey Guti\u00e9rrez a consolidar esas v\u00edas de comunicaci\u00f3n. *Sostuvo Alcaldesa reuni\u00f3n con las autoridades auxiliares de las comunidades rurales. \u00a0Villa de \u00c1lvarez, Col.-\u00a0Este fin de semana el Ayuntamiento de Villa de \u00c1lvarez inici\u00f3 los trabajos de reparaci\u00f3n del puente peatonal y del camino que cruzan el Arroyo San Palmar, para restablecer la comunicaci\u00f3n entre&#8230;<\/p>\n","protected":false},"author":2,"featured_media":23685,"comment_status":"open","ping_status":"open","sticky":false,"template":"","format":"standard","meta":{"footnotes":""},"categories":[8,42],"tags":[29,30,28],"class_list":["post-23684","post","type-post","status-publish","format-standard","has-post-thumbnail","hentry","category-municipios","category-villa-de-alvarez","tag-grid","tag-news","tag-slider"],"_links":{"self":[{"href":"http:\/\/elobservatorio.com.mx\/index.php?rest_route=\/wp\/v2\/posts\/23684"}],"collection":[{"href":"http:\/\/elobservatorio.com.mx\/index.php?rest_route=\/wp\/v2\/posts"}],"about":[{"href":"http:\/\/elobservatorio.com.mx\/index.php?rest_route=\/wp\/v2\/types\/post"}],"author":[{"embeddable":true,"href":"http:\/\/elobservatorio.com.mx\/index.php?rest_route=\/wp\/v2\/users\/2"}],"replies":[{"embeddable":true,"href":"http:\/\/elobservatorio.com.mx\/index.php?rest_route=%2Fwp%2Fv2%2Fcomments&post=23684"}],"version-history":[{"count":0,"href":"http:\/\/elobservatorio.com.mx\/index.php?rest_route=\/wp\/v2\/posts\/23684\/revisions"}],"wp:featuredmedia":[{"embeddable":true,"href":"http:\/\/elobservatorio.com.mx\/index.php?rest_route=\/wp\/v2\/media\/23685"}],"wp:attachment":[{"href":"http:\/\/elobservatorio.com.mx\/index.php?rest_route=%2Fwp%2Fv2%2Fmedia&parent=23684"}],"wp:term":[{"taxonomy":"category","embeddable":true,"href":"http:\/\/elobservatorio.com.mx\/index.php?rest_route=%2Fwp%2Fv2%2Fcategories&post=23684"},{"taxonomy":"post_tag","embeddable":true,"href":"http:\/\/elobservatorio.com.mx\/index.php?rest_route=%2Fwp%2Fv2%2Ftags&post=23684"}],"curies":[{"name":"wp","href":"https:\/\/api.w.org\/{rel}","templated":true}]}}