{"id":2369,"date":"2019-02-13T05:05:48","date_gmt":"2019-02-13T05:05:48","guid":{"rendered":"http:\/\/elobservatorio.com.mx\/visitan-la-udec-estudiantes-de-primaria-y-de-las-escuelas-de-ninos-migrantes"},"modified":"2019-02-13T05:05:48","modified_gmt":"2019-02-13T05:05:48","slug":"visitan-la-udec-estudiantes-de-primaria-y-de-las-escuelas-de-ninos-migrantes","status":"publish","type":"post","link":"http:\/\/elobservatorio.com.mx\/?p=2369","title":{"rendered":"Visitan la UdeC estudiantes de primaria y de las escuelas de ni\u00f1os migrantes"},"content":{"rendered":"<p><em>*Es importante estudiar para ser gente de bien y ayudar a nuestra familia: JEHN<\/em><\/p>\n<p>Como parte de su recorrido por las escuelas y facultades del campus central, ni\u00f1os y ni\u00f1as de la primaria \u201cL\u00e1zaro C\u00e1rdenas del R\u00edo\u201d y de los albergues ca\u00f1eros de El Trapiche y El C\u00f3bano, visitaron el Campus Central de la Universidad de Colima y al rector Jos\u00e9 Eduardo Hern\u00e1ndez Nava.<\/p>\n<p>Al recibirlos en el vest\u00edbulo de rector\u00eda, Hern\u00e1ndez Nava convers\u00f3 con ellos para conocer qu\u00e9 carrera les interesar\u00eda estudiar, y les coment\u00f3 que la Universidad cuenta con cinco campus en el estado en los que pueden desarrollar mejor sus habilidades y vocaciones.<\/p>\n<p>En estos momentos, les dijo, \u201custedes cursan la primaria, pero el tiempo pasa muy r\u00e1pido y espero que alg\u00fan d\u00eda sean alumnos de la Universidad de Colima, como el caso de la alumna de octavo semestre de la carrera de Medicina, Brenda Linares, que vive en el albergue de Queser\u00eda\u201d.<\/p>\n<p>\u201cS\u00e9 que a\u00fan est\u00e1n muy j\u00f3venes \u2013dijo\u2013, pero en estos momentos lo m\u00e1s importante en lo que pueden pensar es en estudiar y prepararse para ser personas de bien que ayuden a sus familias una vez que sean profesionistas\u201d.<\/p>\n<p>En su turno, Marcia Karina Rodr\u00edguez, coordinadora de Centros Comunitarios Emalur (\u201cMujer de la tierra\u201d, en vasco) del grupo Beta San Miguel, agradeci\u00f3 al rector y a la directora general del Centro de Desarrollo de la Familia Universitaria (Cedefu) por permitir el acceso de los ni\u00f1os y ni\u00f1as a las instalaciones de la Universidad de Colima.<\/p>\n<p>\u201cEstamos convencidos \u2013agreg\u00f3\u2013 de que esta es una experiencia que causar\u00e1 un impacto muy importante en ellos y despertar\u00e1 y motivar\u00e1 el entusiasmo para continuar con sus estudios y llegar a ser grandes profesionistas\u201d.<\/p>\n<p>Marcia Karina dijo tambi\u00e9n estar convencida de que \u201clos mejores regalos que les podemos hacer a los ni\u00f1os son experiencias y aprendizajes que les queden grabadas para toda su vida; experiencias que se convertir\u00e1n en caso de \u00e9xito, como el de la alumna Brenda Linares, hija de familia migrante, quien cursa el octavo semestre de Medicina y vive en el albergue El Zedillo, en Queser\u00eda\u201d.<\/p>\n<p>Por \u00faltimo, agradeci\u00f3 al Cedefu porque con la participaci\u00f3n de docentes y alumnos voluntarios han podido trabajar proyectos educativos, formativos, recreativos, de asistencia e investigaci\u00f3n que impactan en la calidad de vida de jornaleros migrantes y sus familias.<\/p>\n<p>Para Emalur y el Ingenio de Queser\u00eda, \u201ces de gran apoyo contar con la UdeC porque queremos continuar impulsando el estudio en los ni\u00f1os y ni\u00f1as y sobre todo ir erradicando de manera progresiva el trabajo infantil\u201d, termin\u00f3.<\/p>\n<p>Por \u00faltimo, el rector Hern\u00e1ndez Nava entreg\u00f3 a los alumnos de la escuela primaria \u201cL\u00e1zaro C\u00e1rdenas del R\u00edo\u201d y de los albergues ca\u00f1eros del Trapiche y El C\u00f3bano, un paquete de libros y \u00fatiles escolares.<\/p>\n<p>Acompa\u00f1aron al rector: Alicia L\u00f3pez de Hern\u00e1ndez, presidenta del Voluntariado Universitario y directora general del Cedefu; C\u00e9sar Campus en representaci\u00f3n de Paula Gonz\u00e1lez, directora de la primaria \u201cL\u00e1zaro C\u00e1rdenas\u201d; Jos\u00e9 N\u00fa\u00f1ez, director de la Escuela de Ni\u00f1os Migrantes del Trapiche y Jessica Carrillo, directora de la Escuela de Ni\u00f1os Migrantes de El C\u00f3bano.<\/p>\n","protected":false},"excerpt":{"rendered":"<p>*Es importante estudiar para ser gente de bien y ayudar a nuestra familia: JEHN Como parte de su recorrido por las escuelas y facultades del campus central, ni\u00f1os y ni\u00f1as de la primaria \u201cL\u00e1zaro C\u00e1rdenas del R\u00edo\u201d y de los albergues ca\u00f1eros de El Trapiche y El C\u00f3bano, visitaron el Campus Central de la Universidad&#8230;<\/p>\n","protected":false},"author":2,"featured_media":2370,"comment_status":"open","ping_status":"open","sticky":false,"template":"","format":"standard","meta":{"footnotes":""},"categories":[14],"tags":[29,30,28],"class_list":["post-2369","post","type-post","status-publish","format-standard","has-post-thumbnail","hentry","category-educacion-y-cultura","tag-grid","tag-news","tag-slider"],"_links":{"self":[{"href":"http:\/\/elobservatorio.com.mx\/index.php?rest_route=\/wp\/v2\/posts\/2369"}],"collection":[{"href":"http:\/\/elobservatorio.com.mx\/index.php?rest_route=\/wp\/v2\/posts"}],"about":[{"href":"http:\/\/elobservatorio.com.mx\/index.php?rest_route=\/wp\/v2\/types\/post"}],"author":[{"embeddable":true,"href":"http:\/\/elobservatorio.com.mx\/index.php?rest_route=\/wp\/v2\/users\/2"}],"replies":[{"embeddable":true,"href":"http:\/\/elobservatorio.com.mx\/index.php?rest_route=%2Fwp%2Fv2%2Fcomments&post=2369"}],"version-history":[{"count":0,"href":"http:\/\/elobservatorio.com.mx\/index.php?rest_route=\/wp\/v2\/posts\/2369\/revisions"}],"wp:featuredmedia":[{"embeddable":true,"href":"http:\/\/elobservatorio.com.mx\/index.php?rest_route=\/wp\/v2\/media\/2370"}],"wp:attachment":[{"href":"http:\/\/elobservatorio.com.mx\/index.php?rest_route=%2Fwp%2Fv2%2Fmedia&parent=2369"}],"wp:term":[{"taxonomy":"category","embeddable":true,"href":"http:\/\/elobservatorio.com.mx\/index.php?rest_route=%2Fwp%2Fv2%2Fcategories&post=2369"},{"taxonomy":"post_tag","embeddable":true,"href":"http:\/\/elobservatorio.com.mx\/index.php?rest_route=%2Fwp%2Fv2%2Ftags&post=2369"}],"curies":[{"name":"wp","href":"https:\/\/api.w.org\/{rel}","templated":true}]}}