{"id":23757,"date":"2022-08-19T11:24:37","date_gmt":"2022-08-19T16:24:37","guid":{"rendered":"http:\/\/elobservatorio.com.mx\/?p=23757"},"modified":"2022-08-19T11:24:37","modified_gmt":"2022-08-19T16:24:37","slug":"estados-con-menor-inversion-en-primera-infancia-tienen-mayor-pobreza-infantil","status":"publish","type":"post","link":"http:\/\/elobservatorio.com.mx\/?p=23757","title":{"rendered":"Estados con menor inversi\u00f3n en primera infancia tienen mayor pobreza infantil"},"content":{"rendered":"<p align=\"left\"><i><span lang=\"ES\">*En 2021, el gasto exclusivo para la primera infancia fue de 16 mil 120 mdp, el 0.21% del gasto total ejercido en el a\u00f1o<\/span><\/i><\/p>\n<p align=\"left\"><span lang=\"ES\">*<\/span><i><span lang=\"ES\">Existe una relaci\u00f3n negativa entre el gasto per c\u00e1pita en primera infancia y la pobreza infantil<\/span><\/i><\/p>\n<p class=\"x_MsoNormal\">La pol\u00edtica p\u00fablica destinada a primera infancia se centra en brindar servicios para cuidado infantil a trav\u00e9s de los Centros de Atenci\u00f3n Integral y un sistema de transferencias monetarias directas, que incluye cuatro programas presupuestarios que atienden directa y exclusivamente a este sector, y otros que benefician de manera indirecta a las y los infantes.<\/p>\n<p class=\"x_MsoNormal\">Dichos programas son: servicios de guarder\u00edas del IMSS, las Estancias del Bienestar y Desarrollo Infantil del ISSSTE, el Programa de Expansi\u00f3n de la Educaci\u00f3n Inicial de la SEP y el Programa de Apoyo para el Bienestar de Ni\u00f1os y Ni\u00f1as Hijos de Madres Trabajadoras de la Secretar\u00eda del Bienestar.<\/p>\n<p class=\"x_MsoNormal\">A junio de 2022, los cuatro programas gastaron 892.1 mdp menos de lo calendarizado para el primer semestre del a\u00f1o, pues s\u00f3lo se ha ejercido el 42% del presupuesto aprobado para primera infancia en este a\u00f1o, el cual es 8.7% mayor al de 2021.<\/p>\n<p class=\"x_MsoNormal\">En el estudio \u2018Gasto para la primera infancia en 2021; Distribuci\u00f3n en entidades federativas\u2019, del Centro de Investigaci\u00f3n Econ\u00f3mica y Presupuestaria, A.C. (CIEP), se analiza la distribuci\u00f3n del gasto p\u00fablico federal destinado a menores de 0 hasta los 5 a\u00f1os de edad durante el ejercicio fiscal 2021, el cual fue de 16 mil 120 mdp, lo que representa 1,247 pesos por infante. Esta cifra es s\u00f3lo el 0.21% del gasto p\u00fablico total ejercido en ese a\u00f1o.<\/p>\n<p class=\"x_MsoNormal\">En cuanto a distribuci\u00f3n de gasto se refiere, el CIEP se\u00f1ala una brecha de desigualdad en gasto per c\u00e1pita en los 32 estados en 2021. Por un lado, la Ciudad de M\u00e9xico es la entidad que registr\u00f3 mayor gasto con 4 mil 331 pesos; mientras que Chiapas es el estado con menor gasto, pues solo ejerci\u00f3 247 pesos por infante, lo que est\u00e1 inversamente relacionado con sus niveles de pobreza. Por lo que, la distribuci\u00f3n del gasto a este sector de la poblaci\u00f3n no abona a cerrar las brechas de pobreza en las que viven algunos infantes.<\/p>\n<p class=\"x_MsoNormal\">El CIEP resalta que el gasto p\u00fablico es una de las herramientas para cerrar las diferencias de oportunidades y desarrollo, y que hacerlo desde la primera infancia es la v\u00eda m\u00e1s redituable. Puesto que, de acuerdo a la UNICEF, las ni\u00f1as y ni\u00f1os beneficiarios de programas integrales de cuidado, tienen mejores resultados a lo largo de su vida, mayor a\u00fan en las infancias m\u00e1s vulnerables.<\/p>\n<p><img loading=\"lazy\" decoding=\"async\" class=\"alignnone size-full wp-image-23758\" src=\"http:\/\/elobservatorio.com.mx\/wp-content\/uploads\/2022\/08\/2022-info-primera-infancia.png\" alt=\"\" width=\"668\" height=\"900\" srcset=\"http:\/\/elobservatorio.com.mx\/wp-content\/uploads\/2022\/08\/2022-info-primera-infancia.png 668w, http:\/\/elobservatorio.com.mx\/wp-content\/uploads\/2022\/08\/2022-info-primera-infancia-223x300.png 223w\" sizes=\"(max-width: 668px) 100vw, 668px\" \/><\/p>\n","protected":false},"excerpt":{"rendered":"<p>*En 2021, el gasto exclusivo para la primera infancia fue de 16 mil 120 mdp, el 0.21% del gasto total ejercido en el a\u00f1o *Existe una relaci\u00f3n negativa entre el gasto per c\u00e1pita en primera infancia y la pobreza infantil La pol\u00edtica p\u00fablica destinada a primera infancia se centra en brindar servicios para cuidado infantil&#8230;<\/p>\n","protected":false},"author":2,"featured_media":23759,"comment_status":"open","ping_status":"open","sticky":false,"template":"","format":"standard","meta":{"footnotes":""},"categories":[17],"tags":[29,30,28],"class_list":["post-23757","post","type-post","status-publish","format-standard","has-post-thumbnail","hentry","category-economia-y-negocios","tag-grid","tag-news","tag-slider"],"_links":{"self":[{"href":"http:\/\/elobservatorio.com.mx\/index.php?rest_route=\/wp\/v2\/posts\/23757"}],"collection":[{"href":"http:\/\/elobservatorio.com.mx\/index.php?rest_route=\/wp\/v2\/posts"}],"about":[{"href":"http:\/\/elobservatorio.com.mx\/index.php?rest_route=\/wp\/v2\/types\/post"}],"author":[{"embeddable":true,"href":"http:\/\/elobservatorio.com.mx\/index.php?rest_route=\/wp\/v2\/users\/2"}],"replies":[{"embeddable":true,"href":"http:\/\/elobservatorio.com.mx\/index.php?rest_route=%2Fwp%2Fv2%2Fcomments&post=23757"}],"version-history":[{"count":0,"href":"http:\/\/elobservatorio.com.mx\/index.php?rest_route=\/wp\/v2\/posts\/23757\/revisions"}],"wp:featuredmedia":[{"embeddable":true,"href":"http:\/\/elobservatorio.com.mx\/index.php?rest_route=\/wp\/v2\/media\/23759"}],"wp:attachment":[{"href":"http:\/\/elobservatorio.com.mx\/index.php?rest_route=%2Fwp%2Fv2%2Fmedia&parent=23757"}],"wp:term":[{"taxonomy":"category","embeddable":true,"href":"http:\/\/elobservatorio.com.mx\/index.php?rest_route=%2Fwp%2Fv2%2Fcategories&post=23757"},{"taxonomy":"post_tag","embeddable":true,"href":"http:\/\/elobservatorio.com.mx\/index.php?rest_route=%2Fwp%2Fv2%2Ftags&post=23757"}],"curies":[{"name":"wp","href":"https:\/\/api.w.org\/{rel}","templated":true}]}}